{"id":52983,"date":"2025-09-29T13:09:54","date_gmt":"2025-09-29T11:09:54","guid":{"rendered":"https:\/\/www.uino.gov.ba\/portal\/?p=52983"},"modified":"2025-09-29T13:09:54","modified_gmt":"2025-09-29T11:09:54","slug":"posjet-pre-monitoring-tima-ek-carinskoj-upravi-za-neizravno-oporezivanje","status":"publish","type":"post","link":"https:\/\/www.uino.gov.ba\/portal\/hr\/novosti-hr\/posjet-pre-monitoring-tima-ek-carinskoj-upravi-za-neizravno-oporezivanje\/","title":{"rendered":"Posjet Pre-monitoring Tima EK Carinskoj Upravi za neizravno oporezivanje"},"content":{"rendered":"<p style=\"text-align: justify;\">Upravu za neizravno oporezivanje u razdoblju od 23.09. do 25.09.2025. godine posjetili su predstavnici Pre-monitoring Tima Europske komisije (Glavne uprave za poreze i carinsku uniju \u2013 DG TAXUD) i nekoliko zemalja zajedni\u010dkog provoza (Austrije, \u010ce\u0161ke, Latvije, Nizozemske, Turske i Slovenije), radi procjene spremnosti Bosne i Hercegovine za po\u010detak procesa pristupanja me\u0111unarodnim konvencijama koje \u0107e u velikoj mjeri olak\u0161ati carinske procedure provoza robe.<\/p>\n<p style=\"text-align: justify;\">Rije\u010d je o uskla\u0111ivanju procedura s Konvencijom o zajedni\u010dkom provoznom postupku (CTC) i Konvencijom o pojednostavnjenju formalnosti u trgovini robom (SAD\/JCI) te o primjeni novog kompjutoriziranog provoznog sustava (NCTS).<\/p>\n<p style=\"text-align: justify;\">Pre-monitoring tim EU-CTC je ovom prilikom analizirao ispunjenost svih potrebnih uvjeta, koji uklju\u010duju zakonodavnu, operativnu, poslovnu i tehni\u010dku uskla\u0111enost za po\u010detak pristupnog procesa, te dao pozitivnu ocjenu Upravi za neizravno oporezivanje s odre\u0111enim preporukama kako bi se proces odvijao prema planu.<\/p>\n<p style=\"text-align: justify;\">Pod uvjetom da se osigura puna potpora svih nadle\u017enih institucija u Bosni i Hercegovini, uklju\u010duju\u0107i i davanje pozitivnih mi\u0161ljenja u postupku dono\u0161enja Odluke o izmjenama i dopunama Zakona o carinskoj politici, koja je u postupku pribavljanja istih, BiH bi mogla postati dr\u017eava ugovornica ovih Konvencija 1. studenoga 2026. godine. U ovom procesu nu\u017eno je da se UINO-u u prora\u010dunu osiguraju i potrebna financijska sredstva za informati\u010dku potporu.<\/p>\n<p style=\"text-align: justify;\">Punopravno \u010dlanstvo BiH u navedenim konvencijama bi olak\u0161alo i ubrzalo protok robe preko granica, kao i pro\u0161irilo poslovne mogu\u0107nosti gospodarstvenika iz Bosne i Hercegovine.<\/p>\n\n\t\t<style type=\"text\/css\">\n\t\t\t#gallery-1 {\n\t\t\t\tmargin: auto;\n\t\t\t}\n\t\t\t#gallery-1 .gallery-item {\n\t\t\t\tfloat: left;\n\t\t\t\tmargin-top: 10px;\n\t\t\t\ttext-align: center;\n\t\t\t\twidth: 25%;\n\t\t\t}\n\t\t\t#gallery-1 img {\n\t\t\t\tborder: 2px solid #cfcfcf;\n\t\t\t}\n\t\t\t#gallery-1 .gallery-caption {\n\t\t\t\tmargin-left: 0;\n\t\t\t}\n\t\t\t\/* see gallery_shortcode() in wp-includes\/media.php *\/\n\t\t<\/style>\n\t\t<div id='gallery-1' class='gallery galleryid-52983 gallery-columns-4 gallery-size-thumbnail'><dl class='gallery-item'>\n\t\t\t<dt class='gallery-icon landscape'>\n\t\t\t\t<a href='https:\/\/www.uino.gov.ba\/portal\/20250923_095708\/'><img loading=\"lazy\" decoding=\"async\" width=\"150\" height=\"150\" src=\"https:\/\/www.uino.gov.ba\/portal\/wp-content\/uploads\/4-SAOPSTENJA\/2025\/29-09-25\/20250923_095708-150x150.jpg\" class=\"attachment-thumbnail size-thumbnail\" alt=\"\" \/><\/a>\n\t\t\t<\/dt><\/dl><dl class='gallery-item'>\n\t\t\t<dt class='gallery-icon landscape'>\n\t\t\t\t<a href='https:\/\/www.uino.gov.ba\/portal\/1000021913\/'><img loading=\"lazy\" decoding=\"async\" width=\"150\" height=\"150\" src=\"https:\/\/www.uino.gov.ba\/portal\/wp-content\/uploads\/4-SAOPSTENJA\/2025\/29-09-25\/1000021913-150x150.jpg\" class=\"attachment-thumbnail size-thumbnail\" alt=\"\" \/><\/a>\n\t\t\t<\/dt><\/dl><dl class='gallery-item'>\n\t\t\t<dt class='gallery-icon landscape'>\n\t\t\t\t<a href='https:\/\/www.uino.gov.ba\/portal\/1000021912\/'><img loading=\"lazy\" decoding=\"async\" width=\"150\" height=\"150\" src=\"https:\/\/www.uino.gov.ba\/portal\/wp-content\/uploads\/4-SAOPSTENJA\/2025\/29-09-25\/1000021912-150x150.jpg\" class=\"attachment-thumbnail size-thumbnail\" alt=\"\" \/><\/a>\n\t\t\t<\/dt><\/dl><dl class='gallery-item'>\n\t\t\t<dt class='gallery-icon landscape'>\n\t\t\t\t<a href='https:\/\/www.uino.gov.ba\/portal\/img_4721\/'><img loading=\"lazy\" decoding=\"async\" width=\"150\" height=\"150\" src=\"https:\/\/www.uino.gov.ba\/portal\/wp-content\/uploads\/4-SAOPSTENJA\/2025\/29-09-25\/IMG_4721-150x150.jpg\" class=\"attachment-thumbnail size-thumbnail\" alt=\"\" \/><\/a>\n\t\t\t<\/dt><\/dl><br style=\"clear: both\" \/><dl class='gallery-item'>\n\t\t\t<dt class='gallery-icon landscape'>\n\t\t\t\t<a href='https:\/\/www.uino.gov.ba\/portal\/20250923_144005\/'><img loading=\"lazy\" decoding=\"async\" width=\"150\" height=\"150\" src=\"https:\/\/www.uino.gov.ba\/portal\/wp-content\/uploads\/4-SAOPSTENJA\/2025\/29-09-25\/20250923_144005-150x150.jpg\" class=\"attachment-thumbnail size-thumbnail\" alt=\"\" \/><\/a>\n\t\t\t<\/dt><\/dl><dl class='gallery-item'>\n\t\t\t<dt class='gallery-icon landscape'>\n\t\t\t\t<a href='https:\/\/www.uino.gov.ba\/portal\/20250923_143949\/'><img loading=\"lazy\" decoding=\"async\" width=\"150\" height=\"150\" src=\"https:\/\/www.uino.gov.ba\/portal\/wp-content\/uploads\/4-SAOPSTENJA\/2025\/29-09-25\/20250923_143949-150x150.jpg\" class=\"attachment-thumbnail size-thumbnail\" alt=\"\" \/><\/a>\n\t\t\t<\/dt><\/dl><dl class='gallery-item'>\n\t\t\t<dt class='gallery-icon landscape'>\n\t\t\t\t<a href='https:\/\/www.uino.gov.ba\/portal\/image0-7\/'><img loading=\"lazy\" decoding=\"async\" width=\"150\" height=\"150\" src=\"https:\/\/www.uino.gov.ba\/portal\/wp-content\/uploads\/4-SAOPSTENJA\/2025\/29-09-25\/image0-150x150.jpeg\" class=\"attachment-thumbnail size-thumbnail\" alt=\"\" \/><\/a>\n\t\t\t<\/dt><\/dl>\n\t\t\t<br style='clear: both' \/>\n\t\t<\/div>\n\n<p style=\"text-align: justify;\">\n","protected":false},"excerpt":{"rendered":"<p>Upravu za neizravno oporezivanje u razdoblju od 23.09. do 25.09.2025. godine posjetili su predstavnici Pre-monitoring Tima Europske komisije (Glavne uprave za poreze i carinsku uniju \u2013 DG TAXUD) i nekoliko zemalja zajedni\u010dkog provoza (Austrije, \u010ce\u0161ke, Latvije, Nizozemske, Turske i Slovenije), radi procjene spremnosti Bosne i Hercegovine za po\u010detak procesa pristupanja me\u0111unarodnim konvencijama koje \u0107e u [&hellip;]<\/p>\n","protected":false},"author":2,"featured_media":52977,"comment_status":"closed","ping_status":"closed","sticky":false,"template":"","format":"standard","meta":{"_acf_changed":false,"_et_pb_use_builder":"","_et_pb_old_content":"","_et_gb_content_width":"","footnotes":""},"categories":[118],"tags":[],"class_list":["post-52983","post","type-post","status-publish","format-standard","has-post-thumbnail","hentry","category-novosti-hr"],"acf":[],"yoast_head":"<!-- This site is optimized with the Yoast SEO plugin v27.5 - https:\/\/yoast.com\/product\/yoast-seo-wordpress\/ -->\n<title>Posjet Pre-monitoring Tima EK Carinskoj Upravi za neizravno oporezivanje - Uprava za indirektno \/ neizravno oporezivanje BiH<\/title>\n<meta name=\"robots\" content=\"index, follow, max-snippet:-1, max-image-preview:large, max-video-preview:-1\" \/>\n<link rel=\"canonical\" href=\"https:\/\/www.uino.gov.ba\/portal\/hr\/novosti-hr\/posjet-pre-monitoring-tima-ek-carinskoj-upravi-za-neizravno-oporezivanje\/\" \/>\n<meta property=\"og:locale\" content=\"en_US\" \/>\n<meta property=\"og:type\" content=\"article\" \/>\n<meta property=\"og:title\" content=\"Posjet Pre-monitoring Tima EK Carinskoj Upravi za neizravno oporezivanje - Uprava za indirektno \/ neizravno oporezivanje BiH\" \/>\n<meta property=\"og:description\" content=\"Upravu za neizravno oporezivanje u razdoblju od 23.09. do 25.09.2025. godine posjetili su predstavnici Pre-monitoring Tima Europske komisije (Glavne uprave za poreze i carinsku uniju \u2013 DG TAXUD) i nekoliko zemalja zajedni\u010dkog provoza (Austrije, \u010ce\u0161ke, Latvije, Nizozemske, Turske i Slovenije), radi procjene spremnosti Bosne i Hercegovine za po\u010detak procesa pristupanja me\u0111unarodnim konvencijama koje \u0107e u [&hellip;]\" \/>\n<meta property=\"og:url\" content=\"https:\/\/www.uino.gov.ba\/portal\/hr\/novosti-hr\/posjet-pre-monitoring-tima-ek-carinskoj-upravi-za-neizravno-oporezivanje\/\" \/>\n<meta property=\"og:site_name\" content=\"Uprava za indirektno \/ neizravno oporezivanje BiH\" \/>\n<meta property=\"article:published_time\" content=\"2025-09-29T11:09:54+00:00\" \/>\n<meta property=\"og:image\" content=\"https:\/\/www.uino.gov.ba\/portal\/wp-content\/uploads\/4-SAOPSTENJA\/2025\/29-09-25\/20250923_143949.jpg\" \/>\n\t<meta property=\"og:image:width\" content=\"1200\" \/>\n\t<meta property=\"og:image:height\" content=\"560\" \/>\n\t<meta property=\"og:image:type\" content=\"image\/jpeg\" \/>\n<meta name=\"author\" content=\"dzenan.k\" \/>\n<meta name=\"twitter:card\" content=\"summary_large_image\" \/>\n<meta name=\"twitter:label1\" content=\"Written by\" \/>\n\t<meta name=\"twitter:data1\" content=\"dzenan.k\" \/>\n\t<meta name=\"twitter:label2\" content=\"Est. reading time\" \/>\n\t<meta name=\"twitter:data2\" content=\"2 minutes\" \/>\n<script type=\"application\/ld+json\" class=\"yoast-schema-graph\">{\"@context\":\"https:\\\/\\\/schema.org\",\"@graph\":[{\"@type\":\"Article\",\"@id\":\"https:\\\/\\\/www.uino.gov.ba\\\/portal\\\/hr\\\/novosti-hr\\\/posjet-pre-monitoring-tima-ek-carinskoj-upravi-za-neizravno-oporezivanje\\\/#article\",\"isPartOf\":{\"@id\":\"https:\\\/\\\/www.uino.gov.ba\\\/portal\\\/hr\\\/novosti-hr\\\/posjet-pre-monitoring-tima-ek-carinskoj-upravi-za-neizravno-oporezivanje\\\/\"},\"author\":{\"name\":\"dzenan.k\",\"@id\":\"https:\\\/\\\/www.uino.gov.ba\\\/portal\\\/#\\\/schema\\\/person\\\/7e08ae05a155bd4e8ef3f99e9e0fc985\"},\"headline\":\"Posjet Pre-monitoring Tima EK Carinskoj Upravi za neizravno oporezivanje\",\"datePublished\":\"2025-09-29T11:09:54+00:00\",\"mainEntityOfPage\":{\"@id\":\"https:\\\/\\\/www.uino.gov.ba\\\/portal\\\/hr\\\/novosti-hr\\\/posjet-pre-monitoring-tima-ek-carinskoj-upravi-za-neizravno-oporezivanje\\\/\"},\"wordCount\":257,\"image\":{\"@id\":\"https:\\\/\\\/www.uino.gov.ba\\\/portal\\\/hr\\\/novosti-hr\\\/posjet-pre-monitoring-tima-ek-carinskoj-upravi-za-neizravno-oporezivanje\\\/#primaryimage\"},\"thumbnailUrl\":\"https:\\\/\\\/www.uino.gov.ba\\\/portal\\\/wp-content\\\/uploads\\\/4-SAOPSTENJA\\\/2025\\\/29-09-25\\\/20250923_143949.jpg\",\"articleSection\":[\"Novosti\"],\"inLanguage\":\"en-US\"},{\"@type\":\"WebPage\",\"@id\":\"https:\\\/\\\/www.uino.gov.ba\\\/portal\\\/hr\\\/novosti-hr\\\/posjet-pre-monitoring-tima-ek-carinskoj-upravi-za-neizravno-oporezivanje\\\/\",\"url\":\"https:\\\/\\\/www.uino.gov.ba\\\/portal\\\/hr\\\/novosti-hr\\\/posjet-pre-monitoring-tima-ek-carinskoj-upravi-za-neizravno-oporezivanje\\\/\",\"name\":\"Posjet Pre-monitoring Tima EK Carinskoj Upravi za neizravno oporezivanje - Uprava za indirektno \\\/ neizravno oporezivanje BiH\",\"isPartOf\":{\"@id\":\"https:\\\/\\\/www.uino.gov.ba\\\/portal\\\/#website\"},\"primaryImageOfPage\":{\"@id\":\"https:\\\/\\\/www.uino.gov.ba\\\/portal\\\/hr\\\/novosti-hr\\\/posjet-pre-monitoring-tima-ek-carinskoj-upravi-za-neizravno-oporezivanje\\\/#primaryimage\"},\"image\":{\"@id\":\"https:\\\/\\\/www.uino.gov.ba\\\/portal\\\/hr\\\/novosti-hr\\\/posjet-pre-monitoring-tima-ek-carinskoj-upravi-za-neizravno-oporezivanje\\\/#primaryimage\"},\"thumbnailUrl\":\"https:\\\/\\\/www.uino.gov.ba\\\/portal\\\/wp-content\\\/uploads\\\/4-SAOPSTENJA\\\/2025\\\/29-09-25\\\/20250923_143949.jpg\",\"datePublished\":\"2025-09-29T11:09:54+00:00\",\"author\":{\"@id\":\"https:\\\/\\\/www.uino.gov.ba\\\/portal\\\/#\\\/schema\\\/person\\\/7e08ae05a155bd4e8ef3f99e9e0fc985\"},\"breadcrumb\":{\"@id\":\"https:\\\/\\\/www.uino.gov.ba\\\/portal\\\/hr\\\/novosti-hr\\\/posjet-pre-monitoring-tima-ek-carinskoj-upravi-za-neizravno-oporezivanje\\\/#breadcrumb\"},\"inLanguage\":\"en-US\",\"potentialAction\":[{\"@type\":\"ReadAction\",\"target\":[\"https:\\\/\\\/www.uino.gov.ba\\\/portal\\\/hr\\\/novosti-hr\\\/posjet-pre-monitoring-tima-ek-carinskoj-upravi-za-neizravno-oporezivanje\\\/\"]}]},{\"@type\":\"ImageObject\",\"inLanguage\":\"en-US\",\"@id\":\"https:\\\/\\\/www.uino.gov.ba\\\/portal\\\/hr\\\/novosti-hr\\\/posjet-pre-monitoring-tima-ek-carinskoj-upravi-za-neizravno-oporezivanje\\\/#primaryimage\",\"url\":\"https:\\\/\\\/www.uino.gov.ba\\\/portal\\\/wp-content\\\/uploads\\\/4-SAOPSTENJA\\\/2025\\\/29-09-25\\\/20250923_143949.jpg\",\"contentUrl\":\"https:\\\/\\\/www.uino.gov.ba\\\/portal\\\/wp-content\\\/uploads\\\/4-SAOPSTENJA\\\/2025\\\/29-09-25\\\/20250923_143949.jpg\",\"width\":1200,\"height\":560},{\"@type\":\"BreadcrumbList\",\"@id\":\"https:\\\/\\\/www.uino.gov.ba\\\/portal\\\/hr\\\/novosti-hr\\\/posjet-pre-monitoring-tima-ek-carinskoj-upravi-za-neizravno-oporezivanje\\\/#breadcrumb\",\"itemListElement\":[{\"@type\":\"ListItem\",\"position\":1,\"name\":\"\",\"item\":\"https:\\\/\\\/www.uino.gov.ba\\\/portal\\\/bs\\\/\"},{\"@type\":\"ListItem\",\"position\":2,\"name\":\"Novosti\",\"item\":\"https:\\\/\\\/www.uino.gov.ba\\\/portal\\\/hr\\\/novosti-hr\\\/\"},{\"@type\":\"ListItem\",\"position\":3,\"name\":\"Posjet Pre-monitoring Tima EK Carinskoj Upravi za neizravno oporezivanje\"}]},{\"@type\":\"WebSite\",\"@id\":\"https:\\\/\\\/www.uino.gov.ba\\\/portal\\\/#website\",\"url\":\"https:\\\/\\\/www.uino.gov.ba\\\/portal\\\/\",\"name\":\"Uprava za indirektno \\\/ neizravno oporezivanje BiH\",\"description\":\"\",\"potentialAction\":[{\"@type\":\"SearchAction\",\"target\":{\"@type\":\"EntryPoint\",\"urlTemplate\":\"https:\\\/\\\/www.uino.gov.ba\\\/portal\\\/?s={search_term_string}\"},\"query-input\":{\"@type\":\"PropertyValueSpecification\",\"valueRequired\":true,\"valueName\":\"search_term_string\"}}],\"inLanguage\":\"en-US\"},{\"@type\":\"Person\",\"@id\":\"https:\\\/\\\/www.uino.gov.ba\\\/portal\\\/#\\\/schema\\\/person\\\/7e08ae05a155bd4e8ef3f99e9e0fc985\",\"name\":\"dzenan.k\",\"image\":{\"@type\":\"ImageObject\",\"inLanguage\":\"en-US\",\"@id\":\"https:\\\/\\\/secure.gravatar.com\\\/avatar\\\/8381504bb29898236f08b86317cd3c6e6c291e88000a4a555fafa7ba6753e872?s=96&d=mm&r=g\",\"url\":\"https:\\\/\\\/secure.gravatar.com\\\/avatar\\\/8381504bb29898236f08b86317cd3c6e6c291e88000a4a555fafa7ba6753e872?s=96&d=mm&r=g\",\"contentUrl\":\"https:\\\/\\\/secure.gravatar.com\\\/avatar\\\/8381504bb29898236f08b86317cd3c6e6c291e88000a4a555fafa7ba6753e872?s=96&d=mm&r=g\",\"caption\":\"dzenan.k\"}}]}<\/script>\n<!-- \/ Yoast SEO plugin. -->","yoast_head_json":{"title":"Posjet Pre-monitoring Tima EK Carinskoj Upravi za neizravno oporezivanje - Uprava za indirektno \/ neizravno oporezivanje BiH","robots":{"index":"index","follow":"follow","max-snippet":"max-snippet:-1","max-image-preview":"max-image-preview:large","max-video-preview":"max-video-preview:-1"},"canonical":"https:\/\/www.uino.gov.ba\/portal\/hr\/novosti-hr\/posjet-pre-monitoring-tima-ek-carinskoj-upravi-za-neizravno-oporezivanje\/","og_locale":"en_US","og_type":"article","og_title":"Posjet Pre-monitoring Tima EK Carinskoj Upravi za neizravno oporezivanje - Uprava za indirektno \/ neizravno oporezivanje BiH","og_description":"Upravu za neizravno oporezivanje u razdoblju od 23.09. do 25.09.2025. godine posjetili su predstavnici Pre-monitoring Tima Europske komisije (Glavne uprave za poreze i carinsku uniju \u2013 DG TAXUD) i nekoliko zemalja zajedni\u010dkog provoza (Austrije, \u010ce\u0161ke, Latvije, Nizozemske, Turske i Slovenije), radi procjene spremnosti Bosne i Hercegovine za po\u010detak procesa pristupanja me\u0111unarodnim konvencijama koje \u0107e u [&hellip;]","og_url":"https:\/\/www.uino.gov.ba\/portal\/hr\/novosti-hr\/posjet-pre-monitoring-tima-ek-carinskoj-upravi-za-neizravno-oporezivanje\/","og_site_name":"Uprava za indirektno \/ neizravno oporezivanje BiH","article_published_time":"2025-09-29T11:09:54+00:00","og_image":[{"width":1200,"height":560,"url":"https:\/\/www.uino.gov.ba\/portal\/wp-content\/uploads\/4-SAOPSTENJA\/2025\/29-09-25\/20250923_143949.jpg","type":"image\/jpeg"}],"author":"dzenan.k","twitter_card":"summary_large_image","twitter_misc":{"Written by":"dzenan.k","Est. reading time":"2 minutes"},"schema":{"@context":"https:\/\/schema.org","@graph":[{"@type":"Article","@id":"https:\/\/www.uino.gov.ba\/portal\/hr\/novosti-hr\/posjet-pre-monitoring-tima-ek-carinskoj-upravi-za-neizravno-oporezivanje\/#article","isPartOf":{"@id":"https:\/\/www.uino.gov.ba\/portal\/hr\/novosti-hr\/posjet-pre-monitoring-tima-ek-carinskoj-upravi-za-neizravno-oporezivanje\/"},"author":{"name":"dzenan.k","@id":"https:\/\/www.uino.gov.ba\/portal\/#\/schema\/person\/7e08ae05a155bd4e8ef3f99e9e0fc985"},"headline":"Posjet Pre-monitoring Tima EK Carinskoj Upravi za neizravno oporezivanje","datePublished":"2025-09-29T11:09:54+00:00","mainEntityOfPage":{"@id":"https:\/\/www.uino.gov.ba\/portal\/hr\/novosti-hr\/posjet-pre-monitoring-tima-ek-carinskoj-upravi-za-neizravno-oporezivanje\/"},"wordCount":257,"image":{"@id":"https:\/\/www.uino.gov.ba\/portal\/hr\/novosti-hr\/posjet-pre-monitoring-tima-ek-carinskoj-upravi-za-neizravno-oporezivanje\/#primaryimage"},"thumbnailUrl":"https:\/\/www.uino.gov.ba\/portal\/wp-content\/uploads\/4-SAOPSTENJA\/2025\/29-09-25\/20250923_143949.jpg","articleSection":["Novosti"],"inLanguage":"en-US"},{"@type":"WebPage","@id":"https:\/\/www.uino.gov.ba\/portal\/hr\/novosti-hr\/posjet-pre-monitoring-tima-ek-carinskoj-upravi-za-neizravno-oporezivanje\/","url":"https:\/\/www.uino.gov.ba\/portal\/hr\/novosti-hr\/posjet-pre-monitoring-tima-ek-carinskoj-upravi-za-neizravno-oporezivanje\/","name":"Posjet Pre-monitoring Tima EK Carinskoj Upravi za neizravno oporezivanje - Uprava za indirektno \/ neizravno oporezivanje BiH","isPartOf":{"@id":"https:\/\/www.uino.gov.ba\/portal\/#website"},"primaryImageOfPage":{"@id":"https:\/\/www.uino.gov.ba\/portal\/hr\/novosti-hr\/posjet-pre-monitoring-tima-ek-carinskoj-upravi-za-neizravno-oporezivanje\/#primaryimage"},"image":{"@id":"https:\/\/www.uino.gov.ba\/portal\/hr\/novosti-hr\/posjet-pre-monitoring-tima-ek-carinskoj-upravi-za-neizravno-oporezivanje\/#primaryimage"},"thumbnailUrl":"https:\/\/www.uino.gov.ba\/portal\/wp-content\/uploads\/4-SAOPSTENJA\/2025\/29-09-25\/20250923_143949.jpg","datePublished":"2025-09-29T11:09:54+00:00","author":{"@id":"https:\/\/www.uino.gov.ba\/portal\/#\/schema\/person\/7e08ae05a155bd4e8ef3f99e9e0fc985"},"breadcrumb":{"@id":"https:\/\/www.uino.gov.ba\/portal\/hr\/novosti-hr\/posjet-pre-monitoring-tima-ek-carinskoj-upravi-za-neizravno-oporezivanje\/#breadcrumb"},"inLanguage":"en-US","potentialAction":[{"@type":"ReadAction","target":["https:\/\/www.uino.gov.ba\/portal\/hr\/novosti-hr\/posjet-pre-monitoring-tima-ek-carinskoj-upravi-za-neizravno-oporezivanje\/"]}]},{"@type":"ImageObject","inLanguage":"en-US","@id":"https:\/\/www.uino.gov.ba\/portal\/hr\/novosti-hr\/posjet-pre-monitoring-tima-ek-carinskoj-upravi-za-neizravno-oporezivanje\/#primaryimage","url":"https:\/\/www.uino.gov.ba\/portal\/wp-content\/uploads\/4-SAOPSTENJA\/2025\/29-09-25\/20250923_143949.jpg","contentUrl":"https:\/\/www.uino.gov.ba\/portal\/wp-content\/uploads\/4-SAOPSTENJA\/2025\/29-09-25\/20250923_143949.jpg","width":1200,"height":560},{"@type":"BreadcrumbList","@id":"https:\/\/www.uino.gov.ba\/portal\/hr\/novosti-hr\/posjet-pre-monitoring-tima-ek-carinskoj-upravi-za-neizravno-oporezivanje\/#breadcrumb","itemListElement":[{"@type":"ListItem","position":1,"name":"","item":"https:\/\/www.uino.gov.ba\/portal\/bs\/"},{"@type":"ListItem","position":2,"name":"Novosti","item":"https:\/\/www.uino.gov.ba\/portal\/hr\/novosti-hr\/"},{"@type":"ListItem","position":3,"name":"Posjet Pre-monitoring Tima EK Carinskoj Upravi za neizravno oporezivanje"}]},{"@type":"WebSite","@id":"https:\/\/www.uino.gov.ba\/portal\/#website","url":"https:\/\/www.uino.gov.ba\/portal\/","name":"Uprava za indirektno \/ neizravno oporezivanje BiH","description":"","potentialAction":[{"@type":"SearchAction","target":{"@type":"EntryPoint","urlTemplate":"https:\/\/www.uino.gov.ba\/portal\/?s={search_term_string}"},"query-input":{"@type":"PropertyValueSpecification","valueRequired":true,"valueName":"search_term_string"}}],"inLanguage":"en-US"},{"@type":"Person","@id":"https:\/\/www.uino.gov.ba\/portal\/#\/schema\/person\/7e08ae05a155bd4e8ef3f99e9e0fc985","name":"dzenan.k","image":{"@type":"ImageObject","inLanguage":"en-US","@id":"https:\/\/secure.gravatar.com\/avatar\/8381504bb29898236f08b86317cd3c6e6c291e88000a4a555fafa7ba6753e872?s=96&d=mm&r=g","url":"https:\/\/secure.gravatar.com\/avatar\/8381504bb29898236f08b86317cd3c6e6c291e88000a4a555fafa7ba6753e872?s=96&d=mm&r=g","contentUrl":"https:\/\/secure.gravatar.com\/avatar\/8381504bb29898236f08b86317cd3c6e6c291e88000a4a555fafa7ba6753e872?s=96&d=mm&r=g","caption":"dzenan.k"}}]}},"publishpress_future_action":{"enabled":false,"date":"2026-05-09 15:06:11","action":"change-status","newStatus":"draft","terms":[],"taxonomy":"category","extraData":[]},"publishpress_future_workflow_manual_trigger":{"enabledWorkflows":[]},"_links":{"self":[{"href":"https:\/\/www.uino.gov.ba\/portal\/wp-json\/wp\/v2\/posts\/52983","targetHints":{"allow":["GET"]}}],"collection":[{"href":"https:\/\/www.uino.gov.ba\/portal\/wp-json\/wp\/v2\/posts"}],"about":[{"href":"https:\/\/www.uino.gov.ba\/portal\/wp-json\/wp\/v2\/types\/post"}],"author":[{"embeddable":true,"href":"https:\/\/www.uino.gov.ba\/portal\/wp-json\/wp\/v2\/users\/2"}],"replies":[{"embeddable":true,"href":"https:\/\/www.uino.gov.ba\/portal\/wp-json\/wp\/v2\/comments?post=52983"}],"version-history":[{"count":1,"href":"https:\/\/www.uino.gov.ba\/portal\/wp-json\/wp\/v2\/posts\/52983\/revisions"}],"predecessor-version":[{"id":52984,"href":"https:\/\/www.uino.gov.ba\/portal\/wp-json\/wp\/v2\/posts\/52983\/revisions\/52984"}],"wp:featuredmedia":[{"embeddable":true,"href":"https:\/\/www.uino.gov.ba\/portal\/wp-json\/wp\/v2\/media\/52977"}],"wp:attachment":[{"href":"https:\/\/www.uino.gov.ba\/portal\/wp-json\/wp\/v2\/media?parent=52983"}],"wp:term":[{"taxonomy":"category","embeddable":true,"href":"https:\/\/www.uino.gov.ba\/portal\/wp-json\/wp\/v2\/categories?post=52983"},{"taxonomy":"post_tag","embeddable":true,"href":"https:\/\/www.uino.gov.ba\/portal\/wp-json\/wp\/v2\/tags?post=52983"}],"curies":[{"name":"wp","href":"https:\/\/api.w.org\/{rel}","templated":true}]}}