{"id":52953,"date":"2025-09-26T11:50:54","date_gmt":"2025-09-26T09:50:54","guid":{"rendered":"https:\/\/www.uino.gov.ba\/portal\/?p=52953"},"modified":"2025-09-26T11:50:54","modified_gmt":"2025-09-26T09:50:54","slug":"svecano-otvorene-nove-prostorije-zajednickog-tima-uio-i-gp-bih-na-medjunardonom-aerodoromu-sarajevo","status":"publish","type":"post","link":"https:\/\/www.uino.gov.ba\/portal\/bs\/novosti\/svecano-otvorene-nove-prostorije-zajednickog-tima-uio-i-gp-bih-na-medjunardonom-aerodoromu-sarajevo\/","title":{"rendered":"Sve\u010dano otvorene nove prostorije Zajedni\u010dkog tima UIO i GP BiH na Me\u0111unardonom aerodoromu Sarajevo"},"content":{"rendered":"<p style=\"text-align: justify;\">Na Me\u0111unarodnom aerodromu Sarajevo sve\u010dano je otvorena kancelarija Zajedni\u010dkog tima za kontrolu roba i tereta koju \u010dine slu\u017ebenici Uprave za indirektno oporezivanje i Grani\u010dne policije BiH. Ovom prilikom uru\u010dena je vrijedna donacija u vidu specijalisti\u010dke i informati\u010dke opreme od strane Ureda Ujedinjenih naroda za drogu i kriminal (UNODC) koja \u0107e u narednom periodu unaprijediti rad i poja\u010dati operativnost na Me\u0111unarodnom aerodromu Sarajevo.<\/p>\n<p style=\"text-align: justify;\">Sve\u010danost je odr\u017eana na Me\u0111unarodnom aerodromu Sarajevo, uz prisustvo predstavnika UIO i Grani\u010dne policije BiH, te Delegacije Evropske unije u BiH i UNODC. Od strane prisutnih izra\u017eena je spremnost za nastavak dalje saradnje.<\/p>\n<p style=\"text-align: justify;\">Na ovaj na\u010din nastavljena je me\u0111uagencijska saradnja i kontinuirana podr\u0161ka od UNODC u ja\u010danju kapaciteta agencija za provo\u0111enje zakona, a sve u cilju sprje\u010davanja prekograni\u010dnog kriminala, trgovine drogom, krijum\u010darenja, kao i \u00a0drugih oblika organiziranog kriminala.<\/p>\n<p style=\"text-align: justify;\">\n\t\t<style type=\"text\/css\">\n\t\t\t#gallery-1 {\n\t\t\t\tmargin: auto;\n\t\t\t}\n\t\t\t#gallery-1 .gallery-item {\n\t\t\t\tfloat: left;\n\t\t\t\tmargin-top: 10px;\n\t\t\t\ttext-align: center;\n\t\t\t\twidth: 33%;\n\t\t\t}\n\t\t\t#gallery-1 img {\n\t\t\t\tborder: 2px solid #cfcfcf;\n\t\t\t}\n\t\t\t#gallery-1 .gallery-caption {\n\t\t\t\tmargin-left: 0;\n\t\t\t}\n\t\t\t\/* see gallery_shortcode() in wp-includes\/media.php *\/\n\t\t<\/style>\n\t\t<div id='gallery-1' class='gallery galleryid-52953 gallery-columns-3 gallery-size-thumbnail'><dl class='gallery-item'>\n\t\t\t<dt class='gallery-icon portrait'>\n\t\t\t\t<a href='https:\/\/www.uino.gov.ba\/portal\/img_8733\/'><img loading=\"lazy\" decoding=\"async\" width=\"150\" height=\"150\" src=\"https:\/\/www.uino.gov.ba\/portal\/wp-content\/uploads\/4-SAOPSTENJA\/2025\/26-09-25\/IMG_8733-150x150.jpg\" class=\"attachment-thumbnail size-thumbnail\" alt=\"\" \/><\/a>\n\t\t\t<\/dt><\/dl><dl class='gallery-item'>\n\t\t\t<dt class='gallery-icon landscape'>\n\t\t\t\t<a href='https:\/\/www.uino.gov.ba\/portal\/img_8727\/'><img loading=\"lazy\" decoding=\"async\" width=\"150\" height=\"150\" src=\"https:\/\/www.uino.gov.ba\/portal\/wp-content\/uploads\/4-SAOPSTENJA\/2025\/26-09-25\/IMG_8727-150x150.jpg\" class=\"attachment-thumbnail size-thumbnail\" alt=\"\" \/><\/a>\n\t\t\t<\/dt><\/dl><dl class='gallery-item'>\n\t\t\t<dt class='gallery-icon portrait'>\n\t\t\t\t<a href='https:\/\/www.uino.gov.ba\/portal\/img_8724\/'><img loading=\"lazy\" decoding=\"async\" width=\"150\" height=\"150\" src=\"https:\/\/www.uino.gov.ba\/portal\/wp-content\/uploads\/4-SAOPSTENJA\/2025\/26-09-25\/IMG_8724-150x150.jpg\" class=\"attachment-thumbnail size-thumbnail\" alt=\"\" \/><\/a>\n\t\t\t<\/dt><\/dl><br style=\"clear: both\" \/>\n\t\t<\/div>\n<\/p>\n","protected":false},"excerpt":{"rendered":"<p>Na Me\u0111unarodnom aerodromu Sarajevo sve\u010dano je otvorena kancelarija Zajedni\u010dkog tima za kontrolu roba i tereta koju \u010dine slu\u017ebenici Uprave za indirektno oporezivanje i Grani\u010dne policije BiH. Ovom prilikom uru\u010dena je vrijedna donacija u vidu specijalisti\u010dke i informati\u010dke opreme od strane Ureda Ujedinjenih naroda za drogu i kriminal (UNODC) koja \u0107e u narednom periodu unaprijediti rad [&hellip;]<\/p>\n","protected":false},"author":2,"featured_media":52951,"comment_status":"closed","ping_status":"closed","sticky":false,"template":"","format":"standard","meta":{"_acf_changed":false,"_et_pb_use_builder":"","_et_pb_old_content":"","_et_gb_content_width":"","footnotes":""},"categories":[36],"tags":[],"class_list":["post-52953","post","type-post","status-publish","format-standard","has-post-thumbnail","hentry","category-novosti"],"acf":[],"yoast_head":"<!-- This site is optimized with the Yoast SEO plugin v27.5 - https:\/\/yoast.com\/product\/yoast-seo-wordpress\/ -->\n<title>Sve\u010dano otvorene nove prostorije Zajedni\u010dkog tima UIO i GP BiH na Me\u0111unardonom aerodoromu Sarajevo - Uprava za indirektno \/ neizravno oporezivanje BiH<\/title>\n<meta name=\"robots\" content=\"index, follow, max-snippet:-1, max-image-preview:large, max-video-preview:-1\" \/>\n<link rel=\"canonical\" href=\"https:\/\/www.uino.gov.ba\/portal\/bs\/novosti\/svecano-otvorene-nove-prostorije-zajednickog-tima-uio-i-gp-bih-na-medjunardonom-aerodoromu-sarajevo\/\" \/>\n<meta property=\"og:locale\" content=\"en_US\" \/>\n<meta property=\"og:type\" content=\"article\" \/>\n<meta property=\"og:title\" content=\"Sve\u010dano otvorene nove prostorije Zajedni\u010dkog tima UIO i GP BiH na Me\u0111unardonom aerodoromu Sarajevo - Uprava za indirektno \/ neizravno oporezivanje BiH\" \/>\n<meta property=\"og:description\" content=\"Na Me\u0111unarodnom aerodromu Sarajevo sve\u010dano je otvorena kancelarija Zajedni\u010dkog tima za kontrolu roba i tereta koju \u010dine slu\u017ebenici Uprave za indirektno oporezivanje i Grani\u010dne policije BiH. Ovom prilikom uru\u010dena je vrijedna donacija u vidu specijalisti\u010dke i informati\u010dke opreme od strane Ureda Ujedinjenih naroda za drogu i kriminal (UNODC) koja \u0107e u narednom periodu unaprijediti rad [&hellip;]\" \/>\n<meta property=\"og:url\" content=\"https:\/\/www.uino.gov.ba\/portal\/bs\/novosti\/svecano-otvorene-nove-prostorije-zajednickog-tima-uio-i-gp-bih-na-medjunardonom-aerodoromu-sarajevo\/\" \/>\n<meta property=\"og:site_name\" content=\"Uprava za indirektno \/ neizravno oporezivanje BiH\" \/>\n<meta property=\"article:published_time\" content=\"2025-09-26T09:50:54+00:00\" \/>\n<meta property=\"og:image\" content=\"https:\/\/www.uino.gov.ba\/portal\/wp-content\/uploads\/4-SAOPSTENJA\/2025\/26-09-25\/IMG_8727.jpg\" \/>\n\t<meta property=\"og:image:width\" content=\"640\" \/>\n\t<meta property=\"og:image:height\" content=\"480\" \/>\n\t<meta property=\"og:image:type\" content=\"image\/jpeg\" \/>\n<meta name=\"author\" content=\"dzenan.k\" \/>\n<meta name=\"twitter:card\" content=\"summary_large_image\" \/>\n<meta name=\"twitter:label1\" content=\"Written by\" \/>\n\t<meta name=\"twitter:data1\" content=\"dzenan.k\" \/>\n\t<meta name=\"twitter:label2\" content=\"Est. reading time\" \/>\n\t<meta name=\"twitter:data2\" content=\"1 minute\" \/>\n<script type=\"application\/ld+json\" class=\"yoast-schema-graph\">{\"@context\":\"https:\\\/\\\/schema.org\",\"@graph\":[{\"@type\":\"Article\",\"@id\":\"https:\\\/\\\/www.uino.gov.ba\\\/portal\\\/bs\\\/novosti\\\/svecano-otvorene-nove-prostorije-zajednickog-tima-uio-i-gp-bih-na-medjunardonom-aerodoromu-sarajevo\\\/#article\",\"isPartOf\":{\"@id\":\"https:\\\/\\\/www.uino.gov.ba\\\/portal\\\/bs\\\/novosti\\\/svecano-otvorene-nove-prostorije-zajednickog-tima-uio-i-gp-bih-na-medjunardonom-aerodoromu-sarajevo\\\/\"},\"author\":{\"name\":\"dzenan.k\",\"@id\":\"https:\\\/\\\/www.uino.gov.ba\\\/portal\\\/#\\\/schema\\\/person\\\/7e08ae05a155bd4e8ef3f99e9e0fc985\"},\"headline\":\"Sve\u010dano otvorene nove prostorije Zajedni\u010dkog tima UIO i GP BiH na Me\u0111unardonom aerodoromu Sarajevo\",\"datePublished\":\"2025-09-26T09:50:54+00:00\",\"mainEntityOfPage\":{\"@id\":\"https:\\\/\\\/www.uino.gov.ba\\\/portal\\\/bs\\\/novosti\\\/svecano-otvorene-nove-prostorije-zajednickog-tima-uio-i-gp-bih-na-medjunardonom-aerodoromu-sarajevo\\\/\"},\"wordCount\":174,\"image\":{\"@id\":\"https:\\\/\\\/www.uino.gov.ba\\\/portal\\\/bs\\\/novosti\\\/svecano-otvorene-nove-prostorije-zajednickog-tima-uio-i-gp-bih-na-medjunardonom-aerodoromu-sarajevo\\\/#primaryimage\"},\"thumbnailUrl\":\"https:\\\/\\\/www.uino.gov.ba\\\/portal\\\/wp-content\\\/uploads\\\/4-SAOPSTENJA\\\/2025\\\/26-09-25\\\/IMG_8727.jpg\",\"articleSection\":[\"Novosti\"],\"inLanguage\":\"en-US\"},{\"@type\":\"WebPage\",\"@id\":\"https:\\\/\\\/www.uino.gov.ba\\\/portal\\\/bs\\\/novosti\\\/svecano-otvorene-nove-prostorije-zajednickog-tima-uio-i-gp-bih-na-medjunardonom-aerodoromu-sarajevo\\\/\",\"url\":\"https:\\\/\\\/www.uino.gov.ba\\\/portal\\\/bs\\\/novosti\\\/svecano-otvorene-nove-prostorije-zajednickog-tima-uio-i-gp-bih-na-medjunardonom-aerodoromu-sarajevo\\\/\",\"name\":\"Sve\u010dano otvorene nove prostorije Zajedni\u010dkog tima UIO i GP BiH na Me\u0111unardonom aerodoromu Sarajevo - Uprava za indirektno \\\/ neizravno oporezivanje BiH\",\"isPartOf\":{\"@id\":\"https:\\\/\\\/www.uino.gov.ba\\\/portal\\\/#website\"},\"primaryImageOfPage\":{\"@id\":\"https:\\\/\\\/www.uino.gov.ba\\\/portal\\\/bs\\\/novosti\\\/svecano-otvorene-nove-prostorije-zajednickog-tima-uio-i-gp-bih-na-medjunardonom-aerodoromu-sarajevo\\\/#primaryimage\"},\"image\":{\"@id\":\"https:\\\/\\\/www.uino.gov.ba\\\/portal\\\/bs\\\/novosti\\\/svecano-otvorene-nove-prostorije-zajednickog-tima-uio-i-gp-bih-na-medjunardonom-aerodoromu-sarajevo\\\/#primaryimage\"},\"thumbnailUrl\":\"https:\\\/\\\/www.uino.gov.ba\\\/portal\\\/wp-content\\\/uploads\\\/4-SAOPSTENJA\\\/2025\\\/26-09-25\\\/IMG_8727.jpg\",\"datePublished\":\"2025-09-26T09:50:54+00:00\",\"author\":{\"@id\":\"https:\\\/\\\/www.uino.gov.ba\\\/portal\\\/#\\\/schema\\\/person\\\/7e08ae05a155bd4e8ef3f99e9e0fc985\"},\"breadcrumb\":{\"@id\":\"https:\\\/\\\/www.uino.gov.ba\\\/portal\\\/bs\\\/novosti\\\/svecano-otvorene-nove-prostorije-zajednickog-tima-uio-i-gp-bih-na-medjunardonom-aerodoromu-sarajevo\\\/#breadcrumb\"},\"inLanguage\":\"en-US\",\"potentialAction\":[{\"@type\":\"ReadAction\",\"target\":[\"https:\\\/\\\/www.uino.gov.ba\\\/portal\\\/bs\\\/novosti\\\/svecano-otvorene-nove-prostorije-zajednickog-tima-uio-i-gp-bih-na-medjunardonom-aerodoromu-sarajevo\\\/\"]}]},{\"@type\":\"ImageObject\",\"inLanguage\":\"en-US\",\"@id\":\"https:\\\/\\\/www.uino.gov.ba\\\/portal\\\/bs\\\/novosti\\\/svecano-otvorene-nove-prostorije-zajednickog-tima-uio-i-gp-bih-na-medjunardonom-aerodoromu-sarajevo\\\/#primaryimage\",\"url\":\"https:\\\/\\\/www.uino.gov.ba\\\/portal\\\/wp-content\\\/uploads\\\/4-SAOPSTENJA\\\/2025\\\/26-09-25\\\/IMG_8727.jpg\",\"contentUrl\":\"https:\\\/\\\/www.uino.gov.ba\\\/portal\\\/wp-content\\\/uploads\\\/4-SAOPSTENJA\\\/2025\\\/26-09-25\\\/IMG_8727.jpg\",\"width\":640,\"height\":480},{\"@type\":\"BreadcrumbList\",\"@id\":\"https:\\\/\\\/www.uino.gov.ba\\\/portal\\\/bs\\\/novosti\\\/svecano-otvorene-nove-prostorije-zajednickog-tima-uio-i-gp-bih-na-medjunardonom-aerodoromu-sarajevo\\\/#breadcrumb\",\"itemListElement\":[{\"@type\":\"ListItem\",\"position\":1,\"name\":\"\",\"item\":\"https:\\\/\\\/www.uino.gov.ba\\\/portal\\\/bs\\\/\"},{\"@type\":\"ListItem\",\"position\":2,\"name\":\"Novosti\",\"item\":\"https:\\\/\\\/www.uino.gov.ba\\\/portal\\\/bs\\\/novosti\\\/\"},{\"@type\":\"ListItem\",\"position\":3,\"name\":\"Sve\u010dano otvorene nove prostorije Zajedni\u010dkog tima UIO i GP BiH na Me\u0111unardonom aerodoromu Sarajevo\"}]},{\"@type\":\"WebSite\",\"@id\":\"https:\\\/\\\/www.uino.gov.ba\\\/portal\\\/#website\",\"url\":\"https:\\\/\\\/www.uino.gov.ba\\\/portal\\\/\",\"name\":\"Uprava za indirektno \\\/ neizravno oporezivanje BiH\",\"description\":\"\",\"potentialAction\":[{\"@type\":\"SearchAction\",\"target\":{\"@type\":\"EntryPoint\",\"urlTemplate\":\"https:\\\/\\\/www.uino.gov.ba\\\/portal\\\/?s={search_term_string}\"},\"query-input\":{\"@type\":\"PropertyValueSpecification\",\"valueRequired\":true,\"valueName\":\"search_term_string\"}}],\"inLanguage\":\"en-US\"},{\"@type\":\"Person\",\"@id\":\"https:\\\/\\\/www.uino.gov.ba\\\/portal\\\/#\\\/schema\\\/person\\\/7e08ae05a155bd4e8ef3f99e9e0fc985\",\"name\":\"dzenan.k\",\"image\":{\"@type\":\"ImageObject\",\"inLanguage\":\"en-US\",\"@id\":\"https:\\\/\\\/secure.gravatar.com\\\/avatar\\\/8381504bb29898236f08b86317cd3c6e6c291e88000a4a555fafa7ba6753e872?s=96&d=mm&r=g\",\"url\":\"https:\\\/\\\/secure.gravatar.com\\\/avatar\\\/8381504bb29898236f08b86317cd3c6e6c291e88000a4a555fafa7ba6753e872?s=96&d=mm&r=g\",\"contentUrl\":\"https:\\\/\\\/secure.gravatar.com\\\/avatar\\\/8381504bb29898236f08b86317cd3c6e6c291e88000a4a555fafa7ba6753e872?s=96&d=mm&r=g\",\"caption\":\"dzenan.k\"}}]}<\/script>\n<!-- \/ Yoast SEO plugin. -->","yoast_head_json":{"title":"Sve\u010dano otvorene nove prostorije Zajedni\u010dkog tima UIO i GP BiH na Me\u0111unardonom aerodoromu Sarajevo - Uprava za indirektno \/ neizravno oporezivanje BiH","robots":{"index":"index","follow":"follow","max-snippet":"max-snippet:-1","max-image-preview":"max-image-preview:large","max-video-preview":"max-video-preview:-1"},"canonical":"https:\/\/www.uino.gov.ba\/portal\/bs\/novosti\/svecano-otvorene-nove-prostorije-zajednickog-tima-uio-i-gp-bih-na-medjunardonom-aerodoromu-sarajevo\/","og_locale":"en_US","og_type":"article","og_title":"Sve\u010dano otvorene nove prostorije Zajedni\u010dkog tima UIO i GP BiH na Me\u0111unardonom aerodoromu Sarajevo - Uprava za indirektno \/ neizravno oporezivanje BiH","og_description":"Na Me\u0111unarodnom aerodromu Sarajevo sve\u010dano je otvorena kancelarija Zajedni\u010dkog tima za kontrolu roba i tereta koju \u010dine slu\u017ebenici Uprave za indirektno oporezivanje i Grani\u010dne policije BiH. Ovom prilikom uru\u010dena je vrijedna donacija u vidu specijalisti\u010dke i informati\u010dke opreme od strane Ureda Ujedinjenih naroda za drogu i kriminal (UNODC) koja \u0107e u narednom periodu unaprijediti rad [&hellip;]","og_url":"https:\/\/www.uino.gov.ba\/portal\/bs\/novosti\/svecano-otvorene-nove-prostorije-zajednickog-tima-uio-i-gp-bih-na-medjunardonom-aerodoromu-sarajevo\/","og_site_name":"Uprava za indirektno \/ neizravno oporezivanje BiH","article_published_time":"2025-09-26T09:50:54+00:00","og_image":[{"width":640,"height":480,"url":"https:\/\/www.uino.gov.ba\/portal\/wp-content\/uploads\/4-SAOPSTENJA\/2025\/26-09-25\/IMG_8727.jpg","type":"image\/jpeg"}],"author":"dzenan.k","twitter_card":"summary_large_image","twitter_misc":{"Written by":"dzenan.k","Est. reading time":"1 minute"},"schema":{"@context":"https:\/\/schema.org","@graph":[{"@type":"Article","@id":"https:\/\/www.uino.gov.ba\/portal\/bs\/novosti\/svecano-otvorene-nove-prostorije-zajednickog-tima-uio-i-gp-bih-na-medjunardonom-aerodoromu-sarajevo\/#article","isPartOf":{"@id":"https:\/\/www.uino.gov.ba\/portal\/bs\/novosti\/svecano-otvorene-nove-prostorije-zajednickog-tima-uio-i-gp-bih-na-medjunardonom-aerodoromu-sarajevo\/"},"author":{"name":"dzenan.k","@id":"https:\/\/www.uino.gov.ba\/portal\/#\/schema\/person\/7e08ae05a155bd4e8ef3f99e9e0fc985"},"headline":"Sve\u010dano otvorene nove prostorije Zajedni\u010dkog tima UIO i GP BiH na Me\u0111unardonom aerodoromu Sarajevo","datePublished":"2025-09-26T09:50:54+00:00","mainEntityOfPage":{"@id":"https:\/\/www.uino.gov.ba\/portal\/bs\/novosti\/svecano-otvorene-nove-prostorije-zajednickog-tima-uio-i-gp-bih-na-medjunardonom-aerodoromu-sarajevo\/"},"wordCount":174,"image":{"@id":"https:\/\/www.uino.gov.ba\/portal\/bs\/novosti\/svecano-otvorene-nove-prostorije-zajednickog-tima-uio-i-gp-bih-na-medjunardonom-aerodoromu-sarajevo\/#primaryimage"},"thumbnailUrl":"https:\/\/www.uino.gov.ba\/portal\/wp-content\/uploads\/4-SAOPSTENJA\/2025\/26-09-25\/IMG_8727.jpg","articleSection":["Novosti"],"inLanguage":"en-US"},{"@type":"WebPage","@id":"https:\/\/www.uino.gov.ba\/portal\/bs\/novosti\/svecano-otvorene-nove-prostorije-zajednickog-tima-uio-i-gp-bih-na-medjunardonom-aerodoromu-sarajevo\/","url":"https:\/\/www.uino.gov.ba\/portal\/bs\/novosti\/svecano-otvorene-nove-prostorije-zajednickog-tima-uio-i-gp-bih-na-medjunardonom-aerodoromu-sarajevo\/","name":"Sve\u010dano otvorene nove prostorije Zajedni\u010dkog tima UIO i GP BiH na Me\u0111unardonom aerodoromu Sarajevo - Uprava za indirektno \/ neizravno oporezivanje BiH","isPartOf":{"@id":"https:\/\/www.uino.gov.ba\/portal\/#website"},"primaryImageOfPage":{"@id":"https:\/\/www.uino.gov.ba\/portal\/bs\/novosti\/svecano-otvorene-nove-prostorije-zajednickog-tima-uio-i-gp-bih-na-medjunardonom-aerodoromu-sarajevo\/#primaryimage"},"image":{"@id":"https:\/\/www.uino.gov.ba\/portal\/bs\/novosti\/svecano-otvorene-nove-prostorije-zajednickog-tima-uio-i-gp-bih-na-medjunardonom-aerodoromu-sarajevo\/#primaryimage"},"thumbnailUrl":"https:\/\/www.uino.gov.ba\/portal\/wp-content\/uploads\/4-SAOPSTENJA\/2025\/26-09-25\/IMG_8727.jpg","datePublished":"2025-09-26T09:50:54+00:00","author":{"@id":"https:\/\/www.uino.gov.ba\/portal\/#\/schema\/person\/7e08ae05a155bd4e8ef3f99e9e0fc985"},"breadcrumb":{"@id":"https:\/\/www.uino.gov.ba\/portal\/bs\/novosti\/svecano-otvorene-nove-prostorije-zajednickog-tima-uio-i-gp-bih-na-medjunardonom-aerodoromu-sarajevo\/#breadcrumb"},"inLanguage":"en-US","potentialAction":[{"@type":"ReadAction","target":["https:\/\/www.uino.gov.ba\/portal\/bs\/novosti\/svecano-otvorene-nove-prostorije-zajednickog-tima-uio-i-gp-bih-na-medjunardonom-aerodoromu-sarajevo\/"]}]},{"@type":"ImageObject","inLanguage":"en-US","@id":"https:\/\/www.uino.gov.ba\/portal\/bs\/novosti\/svecano-otvorene-nove-prostorije-zajednickog-tima-uio-i-gp-bih-na-medjunardonom-aerodoromu-sarajevo\/#primaryimage","url":"https:\/\/www.uino.gov.ba\/portal\/wp-content\/uploads\/4-SAOPSTENJA\/2025\/26-09-25\/IMG_8727.jpg","contentUrl":"https:\/\/www.uino.gov.ba\/portal\/wp-content\/uploads\/4-SAOPSTENJA\/2025\/26-09-25\/IMG_8727.jpg","width":640,"height":480},{"@type":"BreadcrumbList","@id":"https:\/\/www.uino.gov.ba\/portal\/bs\/novosti\/svecano-otvorene-nove-prostorije-zajednickog-tima-uio-i-gp-bih-na-medjunardonom-aerodoromu-sarajevo\/#breadcrumb","itemListElement":[{"@type":"ListItem","position":1,"name":"","item":"https:\/\/www.uino.gov.ba\/portal\/bs\/"},{"@type":"ListItem","position":2,"name":"Novosti","item":"https:\/\/www.uino.gov.ba\/portal\/bs\/novosti\/"},{"@type":"ListItem","position":3,"name":"Sve\u010dano otvorene nove prostorije Zajedni\u010dkog tima UIO i GP BiH na Me\u0111unardonom aerodoromu Sarajevo"}]},{"@type":"WebSite","@id":"https:\/\/www.uino.gov.ba\/portal\/#website","url":"https:\/\/www.uino.gov.ba\/portal\/","name":"Uprava za indirektno \/ neizravno oporezivanje BiH","description":"","potentialAction":[{"@type":"SearchAction","target":{"@type":"EntryPoint","urlTemplate":"https:\/\/www.uino.gov.ba\/portal\/?s={search_term_string}"},"query-input":{"@type":"PropertyValueSpecification","valueRequired":true,"valueName":"search_term_string"}}],"inLanguage":"en-US"},{"@type":"Person","@id":"https:\/\/www.uino.gov.ba\/portal\/#\/schema\/person\/7e08ae05a155bd4e8ef3f99e9e0fc985","name":"dzenan.k","image":{"@type":"ImageObject","inLanguage":"en-US","@id":"https:\/\/secure.gravatar.com\/avatar\/8381504bb29898236f08b86317cd3c6e6c291e88000a4a555fafa7ba6753e872?s=96&d=mm&r=g","url":"https:\/\/secure.gravatar.com\/avatar\/8381504bb29898236f08b86317cd3c6e6c291e88000a4a555fafa7ba6753e872?s=96&d=mm&r=g","contentUrl":"https:\/\/secure.gravatar.com\/avatar\/8381504bb29898236f08b86317cd3c6e6c291e88000a4a555fafa7ba6753e872?s=96&d=mm&r=g","caption":"dzenan.k"}}]}},"publishpress_future_action":{"enabled":false,"date":"2026-05-06 12:41:31","action":"change-status","newStatus":"draft","terms":[],"taxonomy":"category","extraData":[]},"publishpress_future_workflow_manual_trigger":{"enabledWorkflows":[]},"_links":{"self":[{"href":"https:\/\/www.uino.gov.ba\/portal\/wp-json\/wp\/v2\/posts\/52953","targetHints":{"allow":["GET"]}}],"collection":[{"href":"https:\/\/www.uino.gov.ba\/portal\/wp-json\/wp\/v2\/posts"}],"about":[{"href":"https:\/\/www.uino.gov.ba\/portal\/wp-json\/wp\/v2\/types\/post"}],"author":[{"embeddable":true,"href":"https:\/\/www.uino.gov.ba\/portal\/wp-json\/wp\/v2\/users\/2"}],"replies":[{"embeddable":true,"href":"https:\/\/www.uino.gov.ba\/portal\/wp-json\/wp\/v2\/comments?post=52953"}],"version-history":[{"count":1,"href":"https:\/\/www.uino.gov.ba\/portal\/wp-json\/wp\/v2\/posts\/52953\/revisions"}],"predecessor-version":[{"id":52954,"href":"https:\/\/www.uino.gov.ba\/portal\/wp-json\/wp\/v2\/posts\/52953\/revisions\/52954"}],"wp:featuredmedia":[{"embeddable":true,"href":"https:\/\/www.uino.gov.ba\/portal\/wp-json\/wp\/v2\/media\/52951"}],"wp:attachment":[{"href":"https:\/\/www.uino.gov.ba\/portal\/wp-json\/wp\/v2\/media?parent=52953"}],"wp:term":[{"taxonomy":"category","embeddable":true,"href":"https:\/\/www.uino.gov.ba\/portal\/wp-json\/wp\/v2\/categories?post=52953"},{"taxonomy":"post_tag","embeddable":true,"href":"https:\/\/www.uino.gov.ba\/portal\/wp-json\/wp\/v2\/tags?post=52953"}],"curies":[{"name":"wp","href":"https:\/\/api.w.org\/{rel}","templated":true}]}}