{"id":50132,"date":"2025-05-21T12:48:51","date_gmt":"2025-05-21T10:48:51","guid":{"rendered":"https:\/\/www.uino.gov.ba\/portal\/?p=50132"},"modified":"2025-05-21T12:48:51","modified_gmt":"2025-05-21T10:48:51","slug":"svjetska-carinska-organizacije-jaca-kapacitete-uio-bih-u-vezi-primjene-pravila-o-porijeklu-2","status":"publish","type":"post","link":"https:\/\/www.uino.gov.ba\/portal\/hr\/novosti-hr\/svjetska-carinska-organizacije-jaca-kapacitete-uio-bih-u-vezi-primjene-pravila-o-porijeklu-2\/","title":{"rendered":"Svjetska carinska organizacije ja\u010da kapacitete UIO BiH u vezi primjene pravila o porijeklu"},"content":{"rendered":"<p style=\"text-align: justify;\">Svjetska carinska organizacija (WCO), uz finansijsku podr\u0161ku Fonda za carinsku saradnju\/Njema\u010dka (CCF\/Njema\u010dka), uspje\u0161no je provela Nacionalnu radionicu o pravilima porijekla za Upravu za indirektno oporezivanje BIH, dd 12. do 16. maja 2025. godine. Radionica je predstavljala korak naprijed u ja\u010danju tehni\u010dkih kapaciteta i operativnog znanja carinskih slu\u017ebenika, posebno u svjetlu teku\u0107eg prelaska izme\u0111u verzija Regionalne konvencije o Pan-Euro-Mediteranskim preferencijalnim pravilima porijekla (PEM konvencija) iz 2012. i 2023. godine. Tako\u0111e je poslu\u017eila kao platforma za razmjenu iskustava, podsticanje regionalne saradnje i promovisanje uskla\u0111ene primjene procedura porijekla \u0161irom zemlje.<\/p>\n<p style=\"text-align: justify;\">U svom uvodnom izlaganju, gospodin Branko Dujmovi\u0107, \u0161ef Odsjeka za tarifu, vrijednost i porijeklo, naglasio je va\u017enost radionice kao foruma za razmjenu znanja, prakti\u010dno u\u010denje i profesionalni razvoj. Izrazio je iskrenu zahvalnost Svjetskoj carinskoj organizaciji (WCO) i CCF-u\/Njema\u010dka na njihovoj kontinuiranoj podr\u0161ci u ja\u010danju carinskih kapaciteta u Bosni i Hercegovini.<\/p>\n<p style=\"text-align: justify;\">Petodnevna radionica okupila je iskusne carinske slu\u017ebenika srednjeg i vi\u0161eg nivoa iz \u010detiri Regionalna centra: Sarajeva, Banje Luke, Tuzle i Mostara. Radionica, osmi\u0161ljena da objasni vode\u0107e principe primjene pravila o porijeklu i spoji ih s diskusijama o njihovoj primjeni u stvarnom svijetu, obradila je klju\u010dne teme. Poseban naglasak stavljen je na ulogu koju jedinstvena primjena pravila o porijeklu igra u olak\u0161avanju trgovine, dok carina ispunjava svoje obaveze u pogledu efikasnosti, sigurnosti i prosperiteta BiH .<\/p>\n<p style=\"text-align: justify;\">Sesije, koje su kombinovale prezentacije, studije slu\u010daja i interaktivne grupne diskusije, produbile su razumijevanje u\u010desnika i razmijenile iskustva, \u0161to je dovelo do identifikacije podru\u010dja u kojima postoje razlike u primjeni odredbi i postupaka pravila o porijeklu u razli\u010ditim regijama. Do kraja radionice, ove razlike su razmatrane i kulminirale su razvojem uskla\u0111enog plana primjene, koji je predlo\u017een \u0161efu Odjeljenja za tarife, vrijednost i porijeklo radi implementacije. U\u010desnici su tako\u0111er posjetili Carinsku ispostavu Banja Luka, gdje su iz prve ruke vidjeli kako se odredbe o porijeklu primjenjuju u rutinskim carinskim operacijama, iskustvo koje je naglasilo vrijednost integriranja politike i prakse.<\/p>\n<p style=\"text-align: justify;\">Zatvaraju\u0107i radionicu, g. Dujmovi\u0107, \u0161ef Odsjeka za tarifu, vrijednost i porijeklo, pohvalio je u\u010desnike za njihovu posve\u0107enost, profesionalnost i aktivno u\u010de\u0161\u0107e tokom cijele sedmice. Osvr\u0107u\u0107i se na dostignu\u0107a petodnevne radionice, tako\u0111er je ohrabrio nastavak saradnje me\u0111u Regionalnim centrima u svakodnevnom radu.<\/p>\n<p style=\"text-align: justify;\">\n\t\t<style type=\"text\/css\">\n\t\t\t#gallery-1 {\n\t\t\t\tmargin: auto;\n\t\t\t}\n\t\t\t#gallery-1 .gallery-item {\n\t\t\t\tfloat: left;\n\t\t\t\tmargin-top: 10px;\n\t\t\t\ttext-align: center;\n\t\t\t\twidth: 25%;\n\t\t\t}\n\t\t\t#gallery-1 img {\n\t\t\t\tborder: 2px solid #cfcfcf;\n\t\t\t}\n\t\t\t#gallery-1 .gallery-caption {\n\t\t\t\tmargin-left: 0;\n\t\t\t}\n\t\t\t\/* see gallery_shortcode() in wp-includes\/media.php *\/\n\t\t<\/style>\n\t\t<div id='gallery-1' class='gallery galleryid-50132 gallery-columns-4 gallery-size-thumbnail'><dl class='gallery-item'>\n\t\t\t<dt class='gallery-icon landscape'>\n\t\t\t\t<a href='https:\/\/www.uino.gov.ba\/portal\/bh-opening-remarks\/'><img loading=\"lazy\" decoding=\"async\" width=\"150\" height=\"150\" src=\"https:\/\/www.uino.gov.ba\/portal\/wp-content\/uploads\/4-SAOPSTENJA\/2025\/21-05-25\/bh-opening-remarks-150x150.png\" class=\"attachment-thumbnail size-thumbnail\" alt=\"\" \/><\/a>\n\t\t\t<\/dt><\/dl><dl class='gallery-item'>\n\t\t\t<dt class='gallery-icon landscape'>\n\t\t\t\t<a href='https:\/\/www.uino.gov.ba\/portal\/bh-class-view\/'><img loading=\"lazy\" decoding=\"async\" width=\"150\" height=\"150\" src=\"https:\/\/www.uino.gov.ba\/portal\/wp-content\/uploads\/4-SAOPSTENJA\/2025\/21-05-25\/bh-class-view-150x150.png\" class=\"attachment-thumbnail size-thumbnail\" alt=\"\" \/><\/a>\n\t\t\t<\/dt><\/dl><dl class='gallery-item'>\n\t\t\t<dt class='gallery-icon landscape'>\n\t\t\t\t<a href='https:\/\/www.uino.gov.ba\/portal\/bh-day-1\/'><img loading=\"lazy\" decoding=\"async\" width=\"150\" height=\"150\" src=\"https:\/\/www.uino.gov.ba\/portal\/wp-content\/uploads\/4-SAOPSTENJA\/2025\/21-05-25\/bh-day-1-150x150.png\" class=\"attachment-thumbnail size-thumbnail\" alt=\"\" \/><\/a>\n\t\t\t<\/dt><\/dl><dl class='gallery-item'>\n\t\t\t<dt class='gallery-icon landscape'>\n\t\t\t\t<a href='https:\/\/www.uino.gov.ba\/portal\/bh-group-work\/'><img loading=\"lazy\" decoding=\"async\" width=\"150\" height=\"150\" src=\"https:\/\/www.uino.gov.ba\/portal\/wp-content\/uploads\/4-SAOPSTENJA\/2025\/21-05-25\/bh-group-work-150x150.png\" class=\"attachment-thumbnail size-thumbnail\" alt=\"\" \/><\/a>\n\t\t\t<\/dt><\/dl><br style=\"clear: both\" \/>\n\t\t<\/div>\n<\/p>\n<p style=\"text-align: justify;\">\n","protected":false},"excerpt":{"rendered":"<p>Svjetska carinska organizacija (WCO), uz finansijsku podr\u0161ku Fonda za carinsku saradnju\/Njema\u010dka (CCF\/Njema\u010dka), uspje\u0161no je provela Nacionalnu radionicu o pravilima porijekla za Upravu za indirektno oporezivanje BIH, dd 12. do 16. maja 2025. godine. Radionica je predstavljala korak naprijed u ja\u010danju tehni\u010dkih kapaciteta i operativnog znanja carinskih slu\u017ebenika, posebno u svjetlu teku\u0107eg prelaska izme\u0111u verzija Regionalne [&hellip;]<\/p>\n","protected":false},"author":2,"featured_media":50123,"comment_status":"closed","ping_status":"closed","sticky":false,"template":"","format":"standard","meta":{"_acf_changed":false,"_et_pb_use_builder":"","_et_pb_old_content":"","_et_gb_content_width":"","footnotes":""},"categories":[118],"tags":[],"class_list":["post-50132","post","type-post","status-publish","format-standard","has-post-thumbnail","hentry","category-novosti-hr"],"acf":[],"yoast_head":"<!-- This site is optimized with the Yoast SEO plugin v27.5 - https:\/\/yoast.com\/product\/yoast-seo-wordpress\/ -->\n<title>Svjetska carinska organizacije ja\u010da kapacitete UIO BiH u vezi primjene pravila o porijeklu - Uprava za indirektno \/ neizravno oporezivanje BiH<\/title>\n<meta name=\"robots\" content=\"index, follow, max-snippet:-1, max-image-preview:large, max-video-preview:-1\" \/>\n<link rel=\"canonical\" href=\"https:\/\/www.uino.gov.ba\/portal\/hr\/novosti-hr\/svjetska-carinska-organizacije-jaca-kapacitete-uio-bih-u-vezi-primjene-pravila-o-porijeklu-2\/\" \/>\n<meta property=\"og:locale\" content=\"en_US\" \/>\n<meta property=\"og:type\" content=\"article\" \/>\n<meta property=\"og:title\" content=\"Svjetska carinska organizacije ja\u010da kapacitete UIO BiH u vezi primjene pravila o porijeklu - Uprava za indirektno \/ neizravno oporezivanje BiH\" \/>\n<meta property=\"og:description\" content=\"Svjetska carinska organizacija (WCO), uz finansijsku podr\u0161ku Fonda za carinsku saradnju\/Njema\u010dka (CCF\/Njema\u010dka), uspje\u0161no je provela Nacionalnu radionicu o pravilima porijekla za Upravu za indirektno oporezivanje BIH, dd 12. do 16. maja 2025. godine. Radionica je predstavljala korak naprijed u ja\u010danju tehni\u010dkih kapaciteta i operativnog znanja carinskih slu\u017ebenika, posebno u svjetlu teku\u0107eg prelaska izme\u0111u verzija Regionalne [&hellip;]\" \/>\n<meta property=\"og:url\" content=\"https:\/\/www.uino.gov.ba\/portal\/hr\/novosti-hr\/svjetska-carinska-organizacije-jaca-kapacitete-uio-bih-u-vezi-primjene-pravila-o-porijeklu-2\/\" \/>\n<meta property=\"og:site_name\" content=\"Uprava za indirektno \/ neizravno oporezivanje BiH\" \/>\n<meta property=\"article:published_time\" content=\"2025-05-21T10:48:51+00:00\" \/>\n<meta property=\"og:image\" content=\"https:\/\/www.uino.gov.ba\/portal\/wp-content\/uploads\/4-SAOPSTENJA\/2025\/21-05-25\/bh-day-1.png\" \/>\n\t<meta property=\"og:image:width\" content=\"620\" \/>\n\t<meta property=\"og:image:height\" content=\"400\" \/>\n\t<meta property=\"og:image:type\" content=\"image\/png\" \/>\n<meta name=\"author\" content=\"dzenan.k\" \/>\n<meta name=\"twitter:card\" content=\"summary_large_image\" \/>\n<meta name=\"twitter:label1\" content=\"Written by\" \/>\n\t<meta name=\"twitter:data1\" content=\"dzenan.k\" \/>\n\t<meta name=\"twitter:label2\" content=\"Est. reading time\" \/>\n\t<meta name=\"twitter:data2\" content=\"2 minutes\" \/>\n<script type=\"application\/ld+json\" class=\"yoast-schema-graph\">{\"@context\":\"https:\\\/\\\/schema.org\",\"@graph\":[{\"@type\":\"Article\",\"@id\":\"https:\\\/\\\/www.uino.gov.ba\\\/portal\\\/hr\\\/novosti-hr\\\/svjetska-carinska-organizacije-jaca-kapacitete-uio-bih-u-vezi-primjene-pravila-o-porijeklu-2\\\/#article\",\"isPartOf\":{\"@id\":\"https:\\\/\\\/www.uino.gov.ba\\\/portal\\\/hr\\\/novosti-hr\\\/svjetska-carinska-organizacije-jaca-kapacitete-uio-bih-u-vezi-primjene-pravila-o-porijeklu-2\\\/\"},\"author\":{\"name\":\"dzenan.k\",\"@id\":\"https:\\\/\\\/www.uino.gov.ba\\\/portal\\\/#\\\/schema\\\/person\\\/7e08ae05a155bd4e8ef3f99e9e0fc985\"},\"headline\":\"Svjetska carinska organizacije ja\u010da kapacitete UIO BiH u vezi primjene pravila o porijeklu\",\"datePublished\":\"2025-05-21T10:48:51+00:00\",\"mainEntityOfPage\":{\"@id\":\"https:\\\/\\\/www.uino.gov.ba\\\/portal\\\/hr\\\/novosti-hr\\\/svjetska-carinska-organizacije-jaca-kapacitete-uio-bih-u-vezi-primjene-pravila-o-porijeklu-2\\\/\"},\"wordCount\":409,\"image\":{\"@id\":\"https:\\\/\\\/www.uino.gov.ba\\\/portal\\\/hr\\\/novosti-hr\\\/svjetska-carinska-organizacije-jaca-kapacitete-uio-bih-u-vezi-primjene-pravila-o-porijeklu-2\\\/#primaryimage\"},\"thumbnailUrl\":\"https:\\\/\\\/www.uino.gov.ba\\\/portal\\\/wp-content\\\/uploads\\\/4-SAOPSTENJA\\\/2025\\\/21-05-25\\\/bh-day-1.png\",\"articleSection\":[\"Novosti\"],\"inLanguage\":\"en-US\"},{\"@type\":\"WebPage\",\"@id\":\"https:\\\/\\\/www.uino.gov.ba\\\/portal\\\/hr\\\/novosti-hr\\\/svjetska-carinska-organizacije-jaca-kapacitete-uio-bih-u-vezi-primjene-pravila-o-porijeklu-2\\\/\",\"url\":\"https:\\\/\\\/www.uino.gov.ba\\\/portal\\\/hr\\\/novosti-hr\\\/svjetska-carinska-organizacije-jaca-kapacitete-uio-bih-u-vezi-primjene-pravila-o-porijeklu-2\\\/\",\"name\":\"Svjetska carinska organizacije ja\u010da kapacitete UIO BiH u vezi primjene pravila o porijeklu - Uprava za indirektno \\\/ neizravno oporezivanje BiH\",\"isPartOf\":{\"@id\":\"https:\\\/\\\/www.uino.gov.ba\\\/portal\\\/#website\"},\"primaryImageOfPage\":{\"@id\":\"https:\\\/\\\/www.uino.gov.ba\\\/portal\\\/hr\\\/novosti-hr\\\/svjetska-carinska-organizacije-jaca-kapacitete-uio-bih-u-vezi-primjene-pravila-o-porijeklu-2\\\/#primaryimage\"},\"image\":{\"@id\":\"https:\\\/\\\/www.uino.gov.ba\\\/portal\\\/hr\\\/novosti-hr\\\/svjetska-carinska-organizacije-jaca-kapacitete-uio-bih-u-vezi-primjene-pravila-o-porijeklu-2\\\/#primaryimage\"},\"thumbnailUrl\":\"https:\\\/\\\/www.uino.gov.ba\\\/portal\\\/wp-content\\\/uploads\\\/4-SAOPSTENJA\\\/2025\\\/21-05-25\\\/bh-day-1.png\",\"datePublished\":\"2025-05-21T10:48:51+00:00\",\"author\":{\"@id\":\"https:\\\/\\\/www.uino.gov.ba\\\/portal\\\/#\\\/schema\\\/person\\\/7e08ae05a155bd4e8ef3f99e9e0fc985\"},\"breadcrumb\":{\"@id\":\"https:\\\/\\\/www.uino.gov.ba\\\/portal\\\/hr\\\/novosti-hr\\\/svjetska-carinska-organizacije-jaca-kapacitete-uio-bih-u-vezi-primjene-pravila-o-porijeklu-2\\\/#breadcrumb\"},\"inLanguage\":\"en-US\",\"potentialAction\":[{\"@type\":\"ReadAction\",\"target\":[\"https:\\\/\\\/www.uino.gov.ba\\\/portal\\\/hr\\\/novosti-hr\\\/svjetska-carinska-organizacije-jaca-kapacitete-uio-bih-u-vezi-primjene-pravila-o-porijeklu-2\\\/\"]}]},{\"@type\":\"ImageObject\",\"inLanguage\":\"en-US\",\"@id\":\"https:\\\/\\\/www.uino.gov.ba\\\/portal\\\/hr\\\/novosti-hr\\\/svjetska-carinska-organizacije-jaca-kapacitete-uio-bih-u-vezi-primjene-pravila-o-porijeklu-2\\\/#primaryimage\",\"url\":\"https:\\\/\\\/www.uino.gov.ba\\\/portal\\\/wp-content\\\/uploads\\\/4-SAOPSTENJA\\\/2025\\\/21-05-25\\\/bh-day-1.png\",\"contentUrl\":\"https:\\\/\\\/www.uino.gov.ba\\\/portal\\\/wp-content\\\/uploads\\\/4-SAOPSTENJA\\\/2025\\\/21-05-25\\\/bh-day-1.png\",\"width\":620,\"height\":400},{\"@type\":\"BreadcrumbList\",\"@id\":\"https:\\\/\\\/www.uino.gov.ba\\\/portal\\\/hr\\\/novosti-hr\\\/svjetska-carinska-organizacije-jaca-kapacitete-uio-bih-u-vezi-primjene-pravila-o-porijeklu-2\\\/#breadcrumb\",\"itemListElement\":[{\"@type\":\"ListItem\",\"position\":1,\"name\":\"\",\"item\":\"https:\\\/\\\/www.uino.gov.ba\\\/portal\\\/bs\\\/\"},{\"@type\":\"ListItem\",\"position\":2,\"name\":\"Novosti\",\"item\":\"https:\\\/\\\/www.uino.gov.ba\\\/portal\\\/hr\\\/novosti-hr\\\/\"},{\"@type\":\"ListItem\",\"position\":3,\"name\":\"Svjetska carinska organizacije ja\u010da kapacitete UIO BiH u vezi primjene pravila o porijeklu\"}]},{\"@type\":\"WebSite\",\"@id\":\"https:\\\/\\\/www.uino.gov.ba\\\/portal\\\/#website\",\"url\":\"https:\\\/\\\/www.uino.gov.ba\\\/portal\\\/\",\"name\":\"Uprava za indirektno \\\/ neizravno oporezivanje BiH\",\"description\":\"\",\"potentialAction\":[{\"@type\":\"SearchAction\",\"target\":{\"@type\":\"EntryPoint\",\"urlTemplate\":\"https:\\\/\\\/www.uino.gov.ba\\\/portal\\\/?s={search_term_string}\"},\"query-input\":{\"@type\":\"PropertyValueSpecification\",\"valueRequired\":true,\"valueName\":\"search_term_string\"}}],\"inLanguage\":\"en-US\"},{\"@type\":\"Person\",\"@id\":\"https:\\\/\\\/www.uino.gov.ba\\\/portal\\\/#\\\/schema\\\/person\\\/7e08ae05a155bd4e8ef3f99e9e0fc985\",\"name\":\"dzenan.k\",\"image\":{\"@type\":\"ImageObject\",\"inLanguage\":\"en-US\",\"@id\":\"https:\\\/\\\/secure.gravatar.com\\\/avatar\\\/8381504bb29898236f08b86317cd3c6e6c291e88000a4a555fafa7ba6753e872?s=96&d=mm&r=g\",\"url\":\"https:\\\/\\\/secure.gravatar.com\\\/avatar\\\/8381504bb29898236f08b86317cd3c6e6c291e88000a4a555fafa7ba6753e872?s=96&d=mm&r=g\",\"contentUrl\":\"https:\\\/\\\/secure.gravatar.com\\\/avatar\\\/8381504bb29898236f08b86317cd3c6e6c291e88000a4a555fafa7ba6753e872?s=96&d=mm&r=g\",\"caption\":\"dzenan.k\"}}]}<\/script>\n<!-- \/ Yoast SEO plugin. -->","yoast_head_json":{"title":"Svjetska carinska organizacije ja\u010da kapacitete UIO BiH u vezi primjene pravila o porijeklu - Uprava za indirektno \/ neizravno oporezivanje BiH","robots":{"index":"index","follow":"follow","max-snippet":"max-snippet:-1","max-image-preview":"max-image-preview:large","max-video-preview":"max-video-preview:-1"},"canonical":"https:\/\/www.uino.gov.ba\/portal\/hr\/novosti-hr\/svjetska-carinska-organizacije-jaca-kapacitete-uio-bih-u-vezi-primjene-pravila-o-porijeklu-2\/","og_locale":"en_US","og_type":"article","og_title":"Svjetska carinska organizacije ja\u010da kapacitete UIO BiH u vezi primjene pravila o porijeklu - Uprava za indirektno \/ neizravno oporezivanje BiH","og_description":"Svjetska carinska organizacija (WCO), uz finansijsku podr\u0161ku Fonda za carinsku saradnju\/Njema\u010dka (CCF\/Njema\u010dka), uspje\u0161no je provela Nacionalnu radionicu o pravilima porijekla za Upravu za indirektno oporezivanje BIH, dd 12. do 16. maja 2025. godine. Radionica je predstavljala korak naprijed u ja\u010danju tehni\u010dkih kapaciteta i operativnog znanja carinskih slu\u017ebenika, posebno u svjetlu teku\u0107eg prelaska izme\u0111u verzija Regionalne [&hellip;]","og_url":"https:\/\/www.uino.gov.ba\/portal\/hr\/novosti-hr\/svjetska-carinska-organizacije-jaca-kapacitete-uio-bih-u-vezi-primjene-pravila-o-porijeklu-2\/","og_site_name":"Uprava za indirektno \/ neizravno oporezivanje BiH","article_published_time":"2025-05-21T10:48:51+00:00","og_image":[{"width":620,"height":400,"url":"https:\/\/www.uino.gov.ba\/portal\/wp-content\/uploads\/4-SAOPSTENJA\/2025\/21-05-25\/bh-day-1.png","type":"image\/png"}],"author":"dzenan.k","twitter_card":"summary_large_image","twitter_misc":{"Written by":"dzenan.k","Est. reading time":"2 minutes"},"schema":{"@context":"https:\/\/schema.org","@graph":[{"@type":"Article","@id":"https:\/\/www.uino.gov.ba\/portal\/hr\/novosti-hr\/svjetska-carinska-organizacije-jaca-kapacitete-uio-bih-u-vezi-primjene-pravila-o-porijeklu-2\/#article","isPartOf":{"@id":"https:\/\/www.uino.gov.ba\/portal\/hr\/novosti-hr\/svjetska-carinska-organizacije-jaca-kapacitete-uio-bih-u-vezi-primjene-pravila-o-porijeklu-2\/"},"author":{"name":"dzenan.k","@id":"https:\/\/www.uino.gov.ba\/portal\/#\/schema\/person\/7e08ae05a155bd4e8ef3f99e9e0fc985"},"headline":"Svjetska carinska organizacije ja\u010da kapacitete UIO BiH u vezi primjene pravila o porijeklu","datePublished":"2025-05-21T10:48:51+00:00","mainEntityOfPage":{"@id":"https:\/\/www.uino.gov.ba\/portal\/hr\/novosti-hr\/svjetska-carinska-organizacije-jaca-kapacitete-uio-bih-u-vezi-primjene-pravila-o-porijeklu-2\/"},"wordCount":409,"image":{"@id":"https:\/\/www.uino.gov.ba\/portal\/hr\/novosti-hr\/svjetska-carinska-organizacije-jaca-kapacitete-uio-bih-u-vezi-primjene-pravila-o-porijeklu-2\/#primaryimage"},"thumbnailUrl":"https:\/\/www.uino.gov.ba\/portal\/wp-content\/uploads\/4-SAOPSTENJA\/2025\/21-05-25\/bh-day-1.png","articleSection":["Novosti"],"inLanguage":"en-US"},{"@type":"WebPage","@id":"https:\/\/www.uino.gov.ba\/portal\/hr\/novosti-hr\/svjetska-carinska-organizacije-jaca-kapacitete-uio-bih-u-vezi-primjene-pravila-o-porijeklu-2\/","url":"https:\/\/www.uino.gov.ba\/portal\/hr\/novosti-hr\/svjetska-carinska-organizacije-jaca-kapacitete-uio-bih-u-vezi-primjene-pravila-o-porijeklu-2\/","name":"Svjetska carinska organizacije ja\u010da kapacitete UIO BiH u vezi primjene pravila o porijeklu - Uprava za indirektno \/ neizravno oporezivanje BiH","isPartOf":{"@id":"https:\/\/www.uino.gov.ba\/portal\/#website"},"primaryImageOfPage":{"@id":"https:\/\/www.uino.gov.ba\/portal\/hr\/novosti-hr\/svjetska-carinska-organizacije-jaca-kapacitete-uio-bih-u-vezi-primjene-pravila-o-porijeklu-2\/#primaryimage"},"image":{"@id":"https:\/\/www.uino.gov.ba\/portal\/hr\/novosti-hr\/svjetska-carinska-organizacije-jaca-kapacitete-uio-bih-u-vezi-primjene-pravila-o-porijeklu-2\/#primaryimage"},"thumbnailUrl":"https:\/\/www.uino.gov.ba\/portal\/wp-content\/uploads\/4-SAOPSTENJA\/2025\/21-05-25\/bh-day-1.png","datePublished":"2025-05-21T10:48:51+00:00","author":{"@id":"https:\/\/www.uino.gov.ba\/portal\/#\/schema\/person\/7e08ae05a155bd4e8ef3f99e9e0fc985"},"breadcrumb":{"@id":"https:\/\/www.uino.gov.ba\/portal\/hr\/novosti-hr\/svjetska-carinska-organizacije-jaca-kapacitete-uio-bih-u-vezi-primjene-pravila-o-porijeklu-2\/#breadcrumb"},"inLanguage":"en-US","potentialAction":[{"@type":"ReadAction","target":["https:\/\/www.uino.gov.ba\/portal\/hr\/novosti-hr\/svjetska-carinska-organizacije-jaca-kapacitete-uio-bih-u-vezi-primjene-pravila-o-porijeklu-2\/"]}]},{"@type":"ImageObject","inLanguage":"en-US","@id":"https:\/\/www.uino.gov.ba\/portal\/hr\/novosti-hr\/svjetska-carinska-organizacije-jaca-kapacitete-uio-bih-u-vezi-primjene-pravila-o-porijeklu-2\/#primaryimage","url":"https:\/\/www.uino.gov.ba\/portal\/wp-content\/uploads\/4-SAOPSTENJA\/2025\/21-05-25\/bh-day-1.png","contentUrl":"https:\/\/www.uino.gov.ba\/portal\/wp-content\/uploads\/4-SAOPSTENJA\/2025\/21-05-25\/bh-day-1.png","width":620,"height":400},{"@type":"BreadcrumbList","@id":"https:\/\/www.uino.gov.ba\/portal\/hr\/novosti-hr\/svjetska-carinska-organizacije-jaca-kapacitete-uio-bih-u-vezi-primjene-pravila-o-porijeklu-2\/#breadcrumb","itemListElement":[{"@type":"ListItem","position":1,"name":"","item":"https:\/\/www.uino.gov.ba\/portal\/bs\/"},{"@type":"ListItem","position":2,"name":"Novosti","item":"https:\/\/www.uino.gov.ba\/portal\/hr\/novosti-hr\/"},{"@type":"ListItem","position":3,"name":"Svjetska carinska organizacije ja\u010da kapacitete UIO BiH u vezi primjene pravila o porijeklu"}]},{"@type":"WebSite","@id":"https:\/\/www.uino.gov.ba\/portal\/#website","url":"https:\/\/www.uino.gov.ba\/portal\/","name":"Uprava za indirektno \/ neizravno oporezivanje BiH","description":"","potentialAction":[{"@type":"SearchAction","target":{"@type":"EntryPoint","urlTemplate":"https:\/\/www.uino.gov.ba\/portal\/?s={search_term_string}"},"query-input":{"@type":"PropertyValueSpecification","valueRequired":true,"valueName":"search_term_string"}}],"inLanguage":"en-US"},{"@type":"Person","@id":"https:\/\/www.uino.gov.ba\/portal\/#\/schema\/person\/7e08ae05a155bd4e8ef3f99e9e0fc985","name":"dzenan.k","image":{"@type":"ImageObject","inLanguage":"en-US","@id":"https:\/\/secure.gravatar.com\/avatar\/8381504bb29898236f08b86317cd3c6e6c291e88000a4a555fafa7ba6753e872?s=96&d=mm&r=g","url":"https:\/\/secure.gravatar.com\/avatar\/8381504bb29898236f08b86317cd3c6e6c291e88000a4a555fafa7ba6753e872?s=96&d=mm&r=g","contentUrl":"https:\/\/secure.gravatar.com\/avatar\/8381504bb29898236f08b86317cd3c6e6c291e88000a4a555fafa7ba6753e872?s=96&d=mm&r=g","caption":"dzenan.k"}}]}},"publishpress_future_action":{"enabled":false,"date":"2026-05-07 03:26:37","action":"change-status","newStatus":"draft","terms":[],"taxonomy":"category","extraData":[]},"publishpress_future_workflow_manual_trigger":{"enabledWorkflows":[]},"_links":{"self":[{"href":"https:\/\/www.uino.gov.ba\/portal\/wp-json\/wp\/v2\/posts\/50132","targetHints":{"allow":["GET"]}}],"collection":[{"href":"https:\/\/www.uino.gov.ba\/portal\/wp-json\/wp\/v2\/posts"}],"about":[{"href":"https:\/\/www.uino.gov.ba\/portal\/wp-json\/wp\/v2\/types\/post"}],"author":[{"embeddable":true,"href":"https:\/\/www.uino.gov.ba\/portal\/wp-json\/wp\/v2\/users\/2"}],"replies":[{"embeddable":true,"href":"https:\/\/www.uino.gov.ba\/portal\/wp-json\/wp\/v2\/comments?post=50132"}],"version-history":[{"count":1,"href":"https:\/\/www.uino.gov.ba\/portal\/wp-json\/wp\/v2\/posts\/50132\/revisions"}],"predecessor-version":[{"id":50133,"href":"https:\/\/www.uino.gov.ba\/portal\/wp-json\/wp\/v2\/posts\/50132\/revisions\/50133"}],"wp:featuredmedia":[{"embeddable":true,"href":"https:\/\/www.uino.gov.ba\/portal\/wp-json\/wp\/v2\/media\/50123"}],"wp:attachment":[{"href":"https:\/\/www.uino.gov.ba\/portal\/wp-json\/wp\/v2\/media?parent=50132"}],"wp:term":[{"taxonomy":"category","embeddable":true,"href":"https:\/\/www.uino.gov.ba\/portal\/wp-json\/wp\/v2\/categories?post=50132"},{"taxonomy":"post_tag","embeddable":true,"href":"https:\/\/www.uino.gov.ba\/portal\/wp-json\/wp\/v2\/tags?post=50132"}],"curies":[{"name":"wp","href":"https:\/\/api.w.org\/{rel}","templated":true}]}}