{"id":45013,"date":"2024-10-17T15:47:59","date_gmt":"2024-10-17T13:47:59","guid":{"rendered":"https:\/\/www.uino.gov.ba\/portal\/?p=45013"},"modified":"2024-10-17T15:47:59","modified_gmt":"2024-10-17T13:47:59","slug":"sef-izaslanstva-eu-luidi-soreka-posjetio-upravu-za-neizravno-oporezivanje","status":"publish","type":"post","link":"https:\/\/www.uino.gov.ba\/portal\/hr\/novosti-hr\/sef-izaslanstva-eu-luidi-soreka-posjetio-upravu-za-neizravno-oporezivanje\/","title":{"rendered":"\u0160ef Izaslanstva EU Lui\u0111i Soreka posjetio Upravu za neizravno oporezivanje"},"content":{"rendered":"<p style=\"text-align: justify;\">Ravnatelj Uprave za neizravno oporezivanje dr. Zoran Tegeltija sastao se danas u Banjoj Luci sa novoimenovanim \u0161efom Izaslanstva EU u BiH Lui\u0111ijem Sorekom. Ravnatelj Tegeltija upoznao je \u0161efa Izaslanstva EU Soreku sa organizacijom UNO, nadle\u017enostima institucije i rezultatima koje Uprava ostvaruje, naglasiv\u0161i da se u 2024. godini o\u010dekuje da se prikupi oko 11,5 milijardi KM neizravnih poreza. Na sastanku je zajedni\u010dki zaklju\u010deno kako je \u0161to prije potrebno usuglasiti tekst Zakona o grani\u010dnoj kontroli i isti poslati u postupak usvajanja.<\/p>\n<p style=\"text-align: justify;\">Tijekom sastanka razgovarano je i o dosada\u0161njoj podr\u0161ci EU kroz projekte koji su implementirani, te je nagla\u0161eno da je podr\u0161ka EU vidljiva u svim oblastima rada Uprave za neizravno oporezivanje od njenog osnivanja: od ulaganja u izgradnju grani\u010dnih prijelaza, preko nabave servera, ra\u010dunala i druge opreme do pomo\u0107i u izradi informati\u010dkih aplikacija za bolje i uspje\u0161nije poslovanje UNO.<\/p>\n<p style=\"text-align: justify;\">Ravnatelj Tegeltija se zahvalio na dosada\u0161njoj pomo\u0107i EU koja je pru\u017eena Upravi za neizravno oporezivanje, kao i na svim budu\u0107im projektima UNO podr\u017eani od strane Izaslanstva EU u BiH.<\/p>\n","protected":false},"excerpt":{"rendered":"<p>Ravnatelj Uprave za neizravno oporezivanje dr. Zoran Tegeltija sastao se danas u Banjoj Luci sa novoimenovanim \u0161efom Izaslanstva EU u BiH Lui\u0111ijem Sorekom. Ravnatelj Tegeltija upoznao je \u0161efa Izaslanstva EU Soreku sa organizacijom UNO, nadle\u017enostima institucije i rezultatima koje Uprava ostvaruje, naglasiv\u0161i da se u 2024. godini o\u010dekuje da se prikupi oko 11,5 milijardi KM [&hellip;]<\/p>\n","protected":false},"author":2,"featured_media":45008,"comment_status":"closed","ping_status":"closed","sticky":false,"template":"","format":"standard","meta":{"_acf_changed":false,"_et_pb_use_builder":"","_et_pb_old_content":"","_et_gb_content_width":"","footnotes":""},"categories":[118],"tags":[],"class_list":["post-45013","post","type-post","status-publish","format-standard","has-post-thumbnail","hentry","category-novosti-hr"],"acf":[],"yoast_head":"<!-- This site is optimized with the Yoast SEO plugin v27.5 - https:\/\/yoast.com\/product\/yoast-seo-wordpress\/ -->\n<title>\u0160ef Izaslanstva EU Lui\u0111i Soreka posjetio Upravu za neizravno oporezivanje - Uprava za indirektno \/ neizravno oporezivanje BiH<\/title>\n<meta name=\"robots\" content=\"index, follow, max-snippet:-1, max-image-preview:large, max-video-preview:-1\" \/>\n<link rel=\"canonical\" href=\"https:\/\/www.uino.gov.ba\/portal\/hr\/novosti-hr\/sef-izaslanstva-eu-luidi-soreka-posjetio-upravu-za-neizravno-oporezivanje\/\" \/>\n<meta property=\"og:locale\" content=\"en_US\" \/>\n<meta property=\"og:type\" content=\"article\" \/>\n<meta property=\"og:title\" content=\"\u0160ef Izaslanstva EU Lui\u0111i Soreka posjetio Upravu za neizravno oporezivanje - Uprava za indirektno \/ neizravno oporezivanje BiH\" \/>\n<meta property=\"og:description\" content=\"Ravnatelj Uprave za neizravno oporezivanje dr. Zoran Tegeltija sastao se danas u Banjoj Luci sa novoimenovanim \u0161efom Izaslanstva EU u BiH Lui\u0111ijem Sorekom. Ravnatelj Tegeltija upoznao je \u0161efa Izaslanstva EU Soreku sa organizacijom UNO, nadle\u017enostima institucije i rezultatima koje Uprava ostvaruje, naglasiv\u0161i da se u 2024. godini o\u010dekuje da se prikupi oko 11,5 milijardi KM [&hellip;]\" \/>\n<meta property=\"og:url\" content=\"https:\/\/www.uino.gov.ba\/portal\/hr\/novosti-hr\/sef-izaslanstva-eu-luidi-soreka-posjetio-upravu-za-neizravno-oporezivanje\/\" \/>\n<meta property=\"og:site_name\" content=\"Uprava za indirektno \/ neizravno oporezivanje BiH\" \/>\n<meta property=\"article:published_time\" content=\"2024-10-17T13:47:59+00:00\" \/>\n<meta property=\"og:image\" content=\"https:\/\/www.uino.gov.ba\/portal\/wp-content\/uploads\/4-SAOPSTENJA\/2024\/17-10-24\/Posjeta-delegacije-EU.jpg\" \/>\n\t<meta property=\"og:image:width\" content=\"1200\" \/>\n\t<meta property=\"og:image:height\" content=\"800\" \/>\n\t<meta property=\"og:image:type\" content=\"image\/jpeg\" \/>\n<meta name=\"author\" content=\"dzenan.k\" \/>\n<meta name=\"twitter:card\" content=\"summary_large_image\" \/>\n<meta name=\"twitter:label1\" content=\"Written by\" \/>\n\t<meta name=\"twitter:data1\" content=\"dzenan.k\" \/>\n\t<meta name=\"twitter:label2\" content=\"Est. reading time\" \/>\n\t<meta name=\"twitter:data2\" content=\"1 minute\" \/>\n<script type=\"application\/ld+json\" class=\"yoast-schema-graph\">{\"@context\":\"https:\\\/\\\/schema.org\",\"@graph\":[{\"@type\":\"Article\",\"@id\":\"https:\\\/\\\/www.uino.gov.ba\\\/portal\\\/hr\\\/novosti-hr\\\/sef-izaslanstva-eu-luidi-soreka-posjetio-upravu-za-neizravno-oporezivanje\\\/#article\",\"isPartOf\":{\"@id\":\"https:\\\/\\\/www.uino.gov.ba\\\/portal\\\/hr\\\/novosti-hr\\\/sef-izaslanstva-eu-luidi-soreka-posjetio-upravu-za-neizravno-oporezivanje\\\/\"},\"author\":{\"name\":\"dzenan.k\",\"@id\":\"https:\\\/\\\/www.uino.gov.ba\\\/portal\\\/#\\\/schema\\\/person\\\/7e08ae05a155bd4e8ef3f99e9e0fc985\"},\"headline\":\"\u0160ef Izaslanstva EU Lui\u0111i Soreka posjetio Upravu za neizravno oporezivanje\",\"datePublished\":\"2024-10-17T13:47:59+00:00\",\"mainEntityOfPage\":{\"@id\":\"https:\\\/\\\/www.uino.gov.ba\\\/portal\\\/hr\\\/novosti-hr\\\/sef-izaslanstva-eu-luidi-soreka-posjetio-upravu-za-neizravno-oporezivanje\\\/\"},\"wordCount\":196,\"image\":{\"@id\":\"https:\\\/\\\/www.uino.gov.ba\\\/portal\\\/hr\\\/novosti-hr\\\/sef-izaslanstva-eu-luidi-soreka-posjetio-upravu-za-neizravno-oporezivanje\\\/#primaryimage\"},\"thumbnailUrl\":\"https:\\\/\\\/www.uino.gov.ba\\\/portal\\\/wp-content\\\/uploads\\\/4-SAOPSTENJA\\\/2024\\\/17-10-24\\\/Posjeta-delegacije-EU.jpg\",\"articleSection\":[\"Novosti\"],\"inLanguage\":\"en-US\"},{\"@type\":\"WebPage\",\"@id\":\"https:\\\/\\\/www.uino.gov.ba\\\/portal\\\/hr\\\/novosti-hr\\\/sef-izaslanstva-eu-luidi-soreka-posjetio-upravu-za-neizravno-oporezivanje\\\/\",\"url\":\"https:\\\/\\\/www.uino.gov.ba\\\/portal\\\/hr\\\/novosti-hr\\\/sef-izaslanstva-eu-luidi-soreka-posjetio-upravu-za-neizravno-oporezivanje\\\/\",\"name\":\"\u0160ef Izaslanstva EU Lui\u0111i Soreka posjetio Upravu za neizravno oporezivanje - Uprava za indirektno \\\/ neizravno oporezivanje BiH\",\"isPartOf\":{\"@id\":\"https:\\\/\\\/www.uino.gov.ba\\\/portal\\\/#website\"},\"primaryImageOfPage\":{\"@id\":\"https:\\\/\\\/www.uino.gov.ba\\\/portal\\\/hr\\\/novosti-hr\\\/sef-izaslanstva-eu-luidi-soreka-posjetio-upravu-za-neizravno-oporezivanje\\\/#primaryimage\"},\"image\":{\"@id\":\"https:\\\/\\\/www.uino.gov.ba\\\/portal\\\/hr\\\/novosti-hr\\\/sef-izaslanstva-eu-luidi-soreka-posjetio-upravu-za-neizravno-oporezivanje\\\/#primaryimage\"},\"thumbnailUrl\":\"https:\\\/\\\/www.uino.gov.ba\\\/portal\\\/wp-content\\\/uploads\\\/4-SAOPSTENJA\\\/2024\\\/17-10-24\\\/Posjeta-delegacije-EU.jpg\",\"datePublished\":\"2024-10-17T13:47:59+00:00\",\"author\":{\"@id\":\"https:\\\/\\\/www.uino.gov.ba\\\/portal\\\/#\\\/schema\\\/person\\\/7e08ae05a155bd4e8ef3f99e9e0fc985\"},\"breadcrumb\":{\"@id\":\"https:\\\/\\\/www.uino.gov.ba\\\/portal\\\/hr\\\/novosti-hr\\\/sef-izaslanstva-eu-luidi-soreka-posjetio-upravu-za-neizravno-oporezivanje\\\/#breadcrumb\"},\"inLanguage\":\"en-US\",\"potentialAction\":[{\"@type\":\"ReadAction\",\"target\":[\"https:\\\/\\\/www.uino.gov.ba\\\/portal\\\/hr\\\/novosti-hr\\\/sef-izaslanstva-eu-luidi-soreka-posjetio-upravu-za-neizravno-oporezivanje\\\/\"]}]},{\"@type\":\"ImageObject\",\"inLanguage\":\"en-US\",\"@id\":\"https:\\\/\\\/www.uino.gov.ba\\\/portal\\\/hr\\\/novosti-hr\\\/sef-izaslanstva-eu-luidi-soreka-posjetio-upravu-za-neizravno-oporezivanje\\\/#primaryimage\",\"url\":\"https:\\\/\\\/www.uino.gov.ba\\\/portal\\\/wp-content\\\/uploads\\\/4-SAOPSTENJA\\\/2024\\\/17-10-24\\\/Posjeta-delegacije-EU.jpg\",\"contentUrl\":\"https:\\\/\\\/www.uino.gov.ba\\\/portal\\\/wp-content\\\/uploads\\\/4-SAOPSTENJA\\\/2024\\\/17-10-24\\\/Posjeta-delegacije-EU.jpg\",\"width\":1200,\"height\":800},{\"@type\":\"BreadcrumbList\",\"@id\":\"https:\\\/\\\/www.uino.gov.ba\\\/portal\\\/hr\\\/novosti-hr\\\/sef-izaslanstva-eu-luidi-soreka-posjetio-upravu-za-neizravno-oporezivanje\\\/#breadcrumb\",\"itemListElement\":[{\"@type\":\"ListItem\",\"position\":1,\"name\":\"\",\"item\":\"https:\\\/\\\/www.uino.gov.ba\\\/portal\\\/bs\\\/\"},{\"@type\":\"ListItem\",\"position\":2,\"name\":\"Novosti\",\"item\":\"https:\\\/\\\/www.uino.gov.ba\\\/portal\\\/hr\\\/novosti-hr\\\/\"},{\"@type\":\"ListItem\",\"position\":3,\"name\":\"\u0160ef Izaslanstva EU Lui\u0111i Soreka posjetio Upravu za neizravno oporezivanje\"}]},{\"@type\":\"WebSite\",\"@id\":\"https:\\\/\\\/www.uino.gov.ba\\\/portal\\\/#website\",\"url\":\"https:\\\/\\\/www.uino.gov.ba\\\/portal\\\/\",\"name\":\"Uprava za indirektno \\\/ neizravno oporezivanje BiH\",\"description\":\"\",\"potentialAction\":[{\"@type\":\"SearchAction\",\"target\":{\"@type\":\"EntryPoint\",\"urlTemplate\":\"https:\\\/\\\/www.uino.gov.ba\\\/portal\\\/?s={search_term_string}\"},\"query-input\":{\"@type\":\"PropertyValueSpecification\",\"valueRequired\":true,\"valueName\":\"search_term_string\"}}],\"inLanguage\":\"en-US\"},{\"@type\":\"Person\",\"@id\":\"https:\\\/\\\/www.uino.gov.ba\\\/portal\\\/#\\\/schema\\\/person\\\/7e08ae05a155bd4e8ef3f99e9e0fc985\",\"name\":\"dzenan.k\",\"image\":{\"@type\":\"ImageObject\",\"inLanguage\":\"en-US\",\"@id\":\"https:\\\/\\\/secure.gravatar.com\\\/avatar\\\/8381504bb29898236f08b86317cd3c6e6c291e88000a4a555fafa7ba6753e872?s=96&d=mm&r=g\",\"url\":\"https:\\\/\\\/secure.gravatar.com\\\/avatar\\\/8381504bb29898236f08b86317cd3c6e6c291e88000a4a555fafa7ba6753e872?s=96&d=mm&r=g\",\"contentUrl\":\"https:\\\/\\\/secure.gravatar.com\\\/avatar\\\/8381504bb29898236f08b86317cd3c6e6c291e88000a4a555fafa7ba6753e872?s=96&d=mm&r=g\",\"caption\":\"dzenan.k\"}}]}<\/script>\n<!-- \/ Yoast SEO plugin. -->","yoast_head_json":{"title":"\u0160ef Izaslanstva EU Lui\u0111i Soreka posjetio Upravu za neizravno oporezivanje - Uprava za indirektno \/ neizravno oporezivanje BiH","robots":{"index":"index","follow":"follow","max-snippet":"max-snippet:-1","max-image-preview":"max-image-preview:large","max-video-preview":"max-video-preview:-1"},"canonical":"https:\/\/www.uino.gov.ba\/portal\/hr\/novosti-hr\/sef-izaslanstva-eu-luidi-soreka-posjetio-upravu-za-neizravno-oporezivanje\/","og_locale":"en_US","og_type":"article","og_title":"\u0160ef Izaslanstva EU Lui\u0111i Soreka posjetio Upravu za neizravno oporezivanje - Uprava za indirektno \/ neizravno oporezivanje BiH","og_description":"Ravnatelj Uprave za neizravno oporezivanje dr. Zoran Tegeltija sastao se danas u Banjoj Luci sa novoimenovanim \u0161efom Izaslanstva EU u BiH Lui\u0111ijem Sorekom. Ravnatelj Tegeltija upoznao je \u0161efa Izaslanstva EU Soreku sa organizacijom UNO, nadle\u017enostima institucije i rezultatima koje Uprava ostvaruje, naglasiv\u0161i da se u 2024. godini o\u010dekuje da se prikupi oko 11,5 milijardi KM [&hellip;]","og_url":"https:\/\/www.uino.gov.ba\/portal\/hr\/novosti-hr\/sef-izaslanstva-eu-luidi-soreka-posjetio-upravu-za-neizravno-oporezivanje\/","og_site_name":"Uprava za indirektno \/ neizravno oporezivanje BiH","article_published_time":"2024-10-17T13:47:59+00:00","og_image":[{"width":1200,"height":800,"url":"https:\/\/www.uino.gov.ba\/portal\/wp-content\/uploads\/4-SAOPSTENJA\/2024\/17-10-24\/Posjeta-delegacije-EU.jpg","type":"image\/jpeg"}],"author":"dzenan.k","twitter_card":"summary_large_image","twitter_misc":{"Written by":"dzenan.k","Est. reading time":"1 minute"},"schema":{"@context":"https:\/\/schema.org","@graph":[{"@type":"Article","@id":"https:\/\/www.uino.gov.ba\/portal\/hr\/novosti-hr\/sef-izaslanstva-eu-luidi-soreka-posjetio-upravu-za-neizravno-oporezivanje\/#article","isPartOf":{"@id":"https:\/\/www.uino.gov.ba\/portal\/hr\/novosti-hr\/sef-izaslanstva-eu-luidi-soreka-posjetio-upravu-za-neizravno-oporezivanje\/"},"author":{"name":"dzenan.k","@id":"https:\/\/www.uino.gov.ba\/portal\/#\/schema\/person\/7e08ae05a155bd4e8ef3f99e9e0fc985"},"headline":"\u0160ef Izaslanstva EU Lui\u0111i Soreka posjetio Upravu za neizravno oporezivanje","datePublished":"2024-10-17T13:47:59+00:00","mainEntityOfPage":{"@id":"https:\/\/www.uino.gov.ba\/portal\/hr\/novosti-hr\/sef-izaslanstva-eu-luidi-soreka-posjetio-upravu-za-neizravno-oporezivanje\/"},"wordCount":196,"image":{"@id":"https:\/\/www.uino.gov.ba\/portal\/hr\/novosti-hr\/sef-izaslanstva-eu-luidi-soreka-posjetio-upravu-za-neizravno-oporezivanje\/#primaryimage"},"thumbnailUrl":"https:\/\/www.uino.gov.ba\/portal\/wp-content\/uploads\/4-SAOPSTENJA\/2024\/17-10-24\/Posjeta-delegacije-EU.jpg","articleSection":["Novosti"],"inLanguage":"en-US"},{"@type":"WebPage","@id":"https:\/\/www.uino.gov.ba\/portal\/hr\/novosti-hr\/sef-izaslanstva-eu-luidi-soreka-posjetio-upravu-za-neizravno-oporezivanje\/","url":"https:\/\/www.uino.gov.ba\/portal\/hr\/novosti-hr\/sef-izaslanstva-eu-luidi-soreka-posjetio-upravu-za-neizravno-oporezivanje\/","name":"\u0160ef Izaslanstva EU Lui\u0111i Soreka posjetio Upravu za neizravno oporezivanje - Uprava za indirektno \/ neizravno oporezivanje BiH","isPartOf":{"@id":"https:\/\/www.uino.gov.ba\/portal\/#website"},"primaryImageOfPage":{"@id":"https:\/\/www.uino.gov.ba\/portal\/hr\/novosti-hr\/sef-izaslanstva-eu-luidi-soreka-posjetio-upravu-za-neizravno-oporezivanje\/#primaryimage"},"image":{"@id":"https:\/\/www.uino.gov.ba\/portal\/hr\/novosti-hr\/sef-izaslanstva-eu-luidi-soreka-posjetio-upravu-za-neizravno-oporezivanje\/#primaryimage"},"thumbnailUrl":"https:\/\/www.uino.gov.ba\/portal\/wp-content\/uploads\/4-SAOPSTENJA\/2024\/17-10-24\/Posjeta-delegacije-EU.jpg","datePublished":"2024-10-17T13:47:59+00:00","author":{"@id":"https:\/\/www.uino.gov.ba\/portal\/#\/schema\/person\/7e08ae05a155bd4e8ef3f99e9e0fc985"},"breadcrumb":{"@id":"https:\/\/www.uino.gov.ba\/portal\/hr\/novosti-hr\/sef-izaslanstva-eu-luidi-soreka-posjetio-upravu-za-neizravno-oporezivanje\/#breadcrumb"},"inLanguage":"en-US","potentialAction":[{"@type":"ReadAction","target":["https:\/\/www.uino.gov.ba\/portal\/hr\/novosti-hr\/sef-izaslanstva-eu-luidi-soreka-posjetio-upravu-za-neizravno-oporezivanje\/"]}]},{"@type":"ImageObject","inLanguage":"en-US","@id":"https:\/\/www.uino.gov.ba\/portal\/hr\/novosti-hr\/sef-izaslanstva-eu-luidi-soreka-posjetio-upravu-za-neizravno-oporezivanje\/#primaryimage","url":"https:\/\/www.uino.gov.ba\/portal\/wp-content\/uploads\/4-SAOPSTENJA\/2024\/17-10-24\/Posjeta-delegacije-EU.jpg","contentUrl":"https:\/\/www.uino.gov.ba\/portal\/wp-content\/uploads\/4-SAOPSTENJA\/2024\/17-10-24\/Posjeta-delegacije-EU.jpg","width":1200,"height":800},{"@type":"BreadcrumbList","@id":"https:\/\/www.uino.gov.ba\/portal\/hr\/novosti-hr\/sef-izaslanstva-eu-luidi-soreka-posjetio-upravu-za-neizravno-oporezivanje\/#breadcrumb","itemListElement":[{"@type":"ListItem","position":1,"name":"","item":"https:\/\/www.uino.gov.ba\/portal\/bs\/"},{"@type":"ListItem","position":2,"name":"Novosti","item":"https:\/\/www.uino.gov.ba\/portal\/hr\/novosti-hr\/"},{"@type":"ListItem","position":3,"name":"\u0160ef Izaslanstva EU Lui\u0111i Soreka posjetio Upravu za neizravno oporezivanje"}]},{"@type":"WebSite","@id":"https:\/\/www.uino.gov.ba\/portal\/#website","url":"https:\/\/www.uino.gov.ba\/portal\/","name":"Uprava za indirektno \/ neizravno oporezivanje BiH","description":"","potentialAction":[{"@type":"SearchAction","target":{"@type":"EntryPoint","urlTemplate":"https:\/\/www.uino.gov.ba\/portal\/?s={search_term_string}"},"query-input":{"@type":"PropertyValueSpecification","valueRequired":true,"valueName":"search_term_string"}}],"inLanguage":"en-US"},{"@type":"Person","@id":"https:\/\/www.uino.gov.ba\/portal\/#\/schema\/person\/7e08ae05a155bd4e8ef3f99e9e0fc985","name":"dzenan.k","image":{"@type":"ImageObject","inLanguage":"en-US","@id":"https:\/\/secure.gravatar.com\/avatar\/8381504bb29898236f08b86317cd3c6e6c291e88000a4a555fafa7ba6753e872?s=96&d=mm&r=g","url":"https:\/\/secure.gravatar.com\/avatar\/8381504bb29898236f08b86317cd3c6e6c291e88000a4a555fafa7ba6753e872?s=96&d=mm&r=g","contentUrl":"https:\/\/secure.gravatar.com\/avatar\/8381504bb29898236f08b86317cd3c6e6c291e88000a4a555fafa7ba6753e872?s=96&d=mm&r=g","caption":"dzenan.k"}}]}},"publishpress_future_action":{"enabled":false,"date":"2026-05-08 22:21:44","action":"change-status","newStatus":"draft","terms":[],"taxonomy":"category","extraData":[]},"publishpress_future_workflow_manual_trigger":{"enabledWorkflows":[]},"_links":{"self":[{"href":"https:\/\/www.uino.gov.ba\/portal\/wp-json\/wp\/v2\/posts\/45013","targetHints":{"allow":["GET"]}}],"collection":[{"href":"https:\/\/www.uino.gov.ba\/portal\/wp-json\/wp\/v2\/posts"}],"about":[{"href":"https:\/\/www.uino.gov.ba\/portal\/wp-json\/wp\/v2\/types\/post"}],"author":[{"embeddable":true,"href":"https:\/\/www.uino.gov.ba\/portal\/wp-json\/wp\/v2\/users\/2"}],"replies":[{"embeddable":true,"href":"https:\/\/www.uino.gov.ba\/portal\/wp-json\/wp\/v2\/comments?post=45013"}],"version-history":[{"count":1,"href":"https:\/\/www.uino.gov.ba\/portal\/wp-json\/wp\/v2\/posts\/45013\/revisions"}],"predecessor-version":[{"id":45014,"href":"https:\/\/www.uino.gov.ba\/portal\/wp-json\/wp\/v2\/posts\/45013\/revisions\/45014"}],"wp:featuredmedia":[{"embeddable":true,"href":"https:\/\/www.uino.gov.ba\/portal\/wp-json\/wp\/v2\/media\/45008"}],"wp:attachment":[{"href":"https:\/\/www.uino.gov.ba\/portal\/wp-json\/wp\/v2\/media?parent=45013"}],"wp:term":[{"taxonomy":"category","embeddable":true,"href":"https:\/\/www.uino.gov.ba\/portal\/wp-json\/wp\/v2\/categories?post=45013"},{"taxonomy":"post_tag","embeddable":true,"href":"https:\/\/www.uino.gov.ba\/portal\/wp-json\/wp\/v2\/tags?post=45013"}],"curies":[{"name":"wp","href":"https:\/\/api.w.org\/{rel}","templated":true}]}}