{"id":42702,"date":"2024-05-31T13:15:46","date_gmt":"2024-05-31T11:15:46","guid":{"rendered":"https:\/\/www.uino.gov.ba\/portal\/?p=42702"},"modified":"2024-05-31T13:18:06","modified_gmt":"2024-05-31T11:18:06","slug":"u-banjaluci-odrzan-sastanak-predstavnika-poreznih-administracija-drzava-balkana","status":"publish","type":"post","link":"https:\/\/www.uino.gov.ba\/portal\/bs\/novosti\/u-banjaluci-odrzan-sastanak-predstavnika-poreznih-administracija-drzava-balkana\/","title":{"rendered":"U Banjaluci odr\u017ean sastanak predstavnika poreznih administracija dr\u017eava Balkana"},"content":{"rendered":"<p style=\"text-align: justify;\"><strong>Porezne uprave iz regiona zajedno protiv utaja poreza<\/strong><\/p>\n<p style=\"text-align: justify;\">Intenzivna me\u0111usobna suradnja i brza razmjena podataka i informacija izme\u0111u poreznih administracija dr\u017eava regije Balkana \u2013 B6, bit \u0107e i dalje u fokusu njihovog zajedni\u010dkog djelovanja sa jedinstvenim ciljem pove\u0107anja nivoa porezne discipline i razotkrivanja poreznih utaja u dr\u017eavama ovog regiona.<\/p>\n<p style=\"text-align: justify;\">Poru\u010deno je to, izme\u0111u ostalog, sa sastanka koji su danas u prostorijama Vlade Republike Srpske u Banjoj Luci odr\u017eali predstavnici poreznih administracija iz BiH, Hrvatske, Crne Gore i Slovenije, koji su zajedno sa poreznim administracijama Srbije i Sjeverne Makedonije, koje nisu mogle prisustvovati dana\u0161njem skupu, okupljeni u regionalnu grupu B6.<\/p>\n<p style=\"text-align: justify;\">Tema ovogodi\u0161njeg susreta predstavnika poreznih uprava iz B6 je <em>\u201cIskustva u transformaciji poreznih uprava u moderne i uslu\u017ene administracije, uz podr\u0161ku informacionih i komunikacionih tehnologija\u201d.<\/em><\/p>\n<p style=\"text-align: justify;\">Doma\u0107ini sastanka bili su direktor Uprave za indirektno oporezivanje Zoran Tegeltija i direktor Porezne uprave Republike Srpske Goran Mari\u010di\u0107, a prisustvovali su i direktor Porezne uprave FBiH \u0160erif Isovi\u0107, zatim direktor Porezne uprave Crne Gore Sava Laketi\u0107, zamjenik direktora Porezne uprave Hrvatske Marijana Vuraji\u0107 Kudeljan, zamjenik direktora Finansijske uprave Slovenije Peter Jenko, te predstavnik Porezne uprave Br\u010dko distrikta BiH Davor Nini\u0107 i njihovi suradnici.<\/p>\n<p style=\"text-align: justify;\">Tegeltija i Mari\u010di\u0107 su na po\u010detku sastanka pozdravili kolege iz drugih poreznih administracija, zahvalili im se na dolasku na ovaj regionalni sastanak, te poru\u010dili da i u narednom periodu o\u010dekuju jo\u0161 bolju me\u0111usobnu suradnju, od koje \u0107e korist imati svi, posebno gra\u0111ani. Kako bi svi u\u010desnici sastanka stekli jasniju sliku stanja, predstavnici poreznih administracija su prezentirali dosada\u0161nja dostignu\u0107a svojih poreznih uprava u oblasti digitalizacije.<\/p>\n<p style=\"text-align: justify;\">Na sastanku je razgovarano da \u0107e porezne administracije iz dr\u017eava B6, koje su ranije potpisale Sporazum o suradnji u oblasti djelatnosti porezne uprave, u narednom periodu pozivati i predstavnike poreznih uprava regiona da prisustvuju obukama i seminarima koje organiziraju za svoje slu\u017ebenike, posebno cijene\u0107i vrijednost razmjene iskustava i dobrih praksi izme\u0111u poreznih administracija.<\/p>\n<p style=\"text-align: justify;\">Pored toga, na sastanku je nagla\u0161eno i da je u svjetlu promjena u oblasti oporezivanja na me\u0111unarodnom nivou, sveop\u0107e globalizacije, pojave novih oblika poslovanja, digitalne ekonomije i ekonomije dijeljenja, razmjena informacija izme\u0111u poreznih administracija od izuzetne va\u017enosti. S tim u vezi, donesen je zaklju\u010dak da \u0107e porezne uprave, potpisnice Sporazuma, ulo\u017eiti dodatne napore da ubrzaju postupak razmjene informacije kao jedan od klju\u010dnih elemenata borbe protiv porezne evazije.<\/p>\n<div class=\"wp-block-image\"><img loading=\"lazy\" decoding=\"async\" class=\"wpa-warning wpa-image-missing-alt alignnone wp-image-42700 size-large\" src=\"https:\/\/www.uino.gov.ba\/portal\/wp-content\/uploads\/4-SAOPSTENJA\/2024\/31-05-24\/sastamak-2-1024x768.jpeg\" alt=\"\" width=\"1024\" height=\"768\" data-warning=\"Missing alt text\" srcset=\"https:\/\/www.uino.gov.ba\/portal\/wp-content\/uploads\/4-SAOPSTENJA\/2024\/31-05-24\/sastamak-2-980x735.jpeg 980w, https:\/\/www.uino.gov.ba\/portal\/wp-content\/uploads\/4-SAOPSTENJA\/2024\/31-05-24\/sastamak-2-480x360.jpeg 480w\" sizes=\"(min-width: 0px) and (max-width: 480px) 480px, (min-width: 481px) and (max-width: 980px) 980px, (min-width: 981px) 1024px, 100vw\" \/><\/div>\n","protected":false},"excerpt":{"rendered":"<p>Porezne uprave iz regiona zajedno protiv utaja poreza Intenzivna me\u0111usobna suradnja i brza razmjena podataka i informacija izme\u0111u poreznih administracija dr\u017eava regije Balkana \u2013 B6, bit \u0107e i dalje u fokusu njihovog zajedni\u010dkog djelovanja sa jedinstvenim ciljem pove\u0107anja nivoa porezne discipline i razotkrivanja poreznih utaja u dr\u017eavama ovog regiona. Poru\u010deno je to, izme\u0111u ostalog, sa [&hellip;]<\/p>\n","protected":false},"author":2,"featured_media":42701,"comment_status":"closed","ping_status":"closed","sticky":false,"template":"","format":"standard","meta":{"_acf_changed":false,"_et_pb_use_builder":"","_et_pb_old_content":"","_et_gb_content_width":"","footnotes":""},"categories":[36],"tags":[],"class_list":["post-42702","post","type-post","status-publish","format-standard","has-post-thumbnail","hentry","category-novosti"],"acf":[],"yoast_head":"<!-- This site is optimized with the Yoast SEO plugin v27.5 - https:\/\/yoast.com\/product\/yoast-seo-wordpress\/ -->\n<title>U Banjaluci odr\u017ean sastanak predstavnika poreznih administracija dr\u017eava Balkana - Uprava za indirektno \/ neizravno oporezivanje BiH<\/title>\n<meta name=\"robots\" content=\"index, follow, max-snippet:-1, max-image-preview:large, max-video-preview:-1\" \/>\n<link rel=\"canonical\" href=\"https:\/\/www.uino.gov.ba\/portal\/bs\/novosti\/u-banjaluci-odrzan-sastanak-predstavnika-poreznih-administracija-drzava-balkana\/\" \/>\n<meta property=\"og:locale\" content=\"en_US\" \/>\n<meta property=\"og:type\" content=\"article\" \/>\n<meta property=\"og:title\" content=\"U Banjaluci odr\u017ean sastanak predstavnika poreznih administracija dr\u017eava Balkana - Uprava za indirektno \/ neizravno oporezivanje BiH\" \/>\n<meta property=\"og:description\" content=\"Porezne uprave iz regiona zajedno protiv utaja poreza Intenzivna me\u0111usobna suradnja i brza razmjena podataka i informacija izme\u0111u poreznih administracija dr\u017eava regije Balkana \u2013 B6, bit \u0107e i dalje u fokusu njihovog zajedni\u010dkog djelovanja sa jedinstvenim ciljem pove\u0107anja nivoa porezne discipline i razotkrivanja poreznih utaja u dr\u017eavama ovog regiona. Poru\u010deno je to, izme\u0111u ostalog, sa [&hellip;]\" \/>\n<meta property=\"og:url\" content=\"https:\/\/www.uino.gov.ba\/portal\/bs\/novosti\/u-banjaluci-odrzan-sastanak-predstavnika-poreznih-administracija-drzava-balkana\/\" \/>\n<meta property=\"og:site_name\" content=\"Uprava za indirektno \/ neizravno oporezivanje BiH\" \/>\n<meta property=\"article:published_time\" content=\"2024-05-31T11:15:46+00:00\" \/>\n<meta property=\"article:modified_time\" content=\"2024-05-31T11:18:06+00:00\" \/>\n<meta property=\"og:image\" content=\"https:\/\/www.uino.gov.ba\/portal\/wp-content\/uploads\/4-SAOPSTENJA\/2024\/31-05-24\/sastanak-1-scaled.jpeg\" \/>\n\t<meta property=\"og:image:width\" content=\"2560\" \/>\n\t<meta property=\"og:image:height\" content=\"1920\" \/>\n\t<meta property=\"og:image:type\" content=\"image\/jpeg\" \/>\n<meta name=\"author\" content=\"dzenan.k\" \/>\n<meta name=\"twitter:card\" content=\"summary_large_image\" \/>\n<meta name=\"twitter:label1\" content=\"Written by\" \/>\n\t<meta name=\"twitter:data1\" content=\"dzenan.k\" \/>\n\t<meta name=\"twitter:label2\" content=\"Est. reading time\" \/>\n\t<meta name=\"twitter:data2\" content=\"3 minutes\" \/>\n<script type=\"application\/ld+json\" class=\"yoast-schema-graph\">{\"@context\":\"https:\\\/\\\/schema.org\",\"@graph\":[{\"@type\":\"Article\",\"@id\":\"https:\\\/\\\/www.uino.gov.ba\\\/portal\\\/bs\\\/novosti\\\/u-banjaluci-odrzan-sastanak-predstavnika-poreznih-administracija-drzava-balkana\\\/#article\",\"isPartOf\":{\"@id\":\"https:\\\/\\\/www.uino.gov.ba\\\/portal\\\/bs\\\/novosti\\\/u-banjaluci-odrzan-sastanak-predstavnika-poreznih-administracija-drzava-balkana\\\/\"},\"author\":{\"name\":\"dzenan.k\",\"@id\":\"https:\\\/\\\/www.uino.gov.ba\\\/portal\\\/#\\\/schema\\\/person\\\/7e08ae05a155bd4e8ef3f99e9e0fc985\"},\"headline\":\"U Banjaluci odr\u017ean sastanak predstavnika poreznih administracija dr\u017eava Balkana\",\"datePublished\":\"2024-05-31T11:15:46+00:00\",\"dateModified\":\"2024-05-31T11:18:06+00:00\",\"mainEntityOfPage\":{\"@id\":\"https:\\\/\\\/www.uino.gov.ba\\\/portal\\\/bs\\\/novosti\\\/u-banjaluci-odrzan-sastanak-predstavnika-poreznih-administracija-drzava-balkana\\\/\"},\"wordCount\":419,\"image\":{\"@id\":\"https:\\\/\\\/www.uino.gov.ba\\\/portal\\\/bs\\\/novosti\\\/u-banjaluci-odrzan-sastanak-predstavnika-poreznih-administracija-drzava-balkana\\\/#primaryimage\"},\"thumbnailUrl\":\"https:\\\/\\\/www.uino.gov.ba\\\/portal\\\/wp-content\\\/uploads\\\/4-SAOPSTENJA\\\/2024\\\/31-05-24\\\/sastanak-1-scaled.jpeg\",\"articleSection\":[\"Novosti\"],\"inLanguage\":\"en-US\"},{\"@type\":\"WebPage\",\"@id\":\"https:\\\/\\\/www.uino.gov.ba\\\/portal\\\/bs\\\/novosti\\\/u-banjaluci-odrzan-sastanak-predstavnika-poreznih-administracija-drzava-balkana\\\/\",\"url\":\"https:\\\/\\\/www.uino.gov.ba\\\/portal\\\/bs\\\/novosti\\\/u-banjaluci-odrzan-sastanak-predstavnika-poreznih-administracija-drzava-balkana\\\/\",\"name\":\"U Banjaluci odr\u017ean sastanak predstavnika poreznih administracija dr\u017eava Balkana - Uprava za indirektno \\\/ neizravno oporezivanje BiH\",\"isPartOf\":{\"@id\":\"https:\\\/\\\/www.uino.gov.ba\\\/portal\\\/#website\"},\"primaryImageOfPage\":{\"@id\":\"https:\\\/\\\/www.uino.gov.ba\\\/portal\\\/bs\\\/novosti\\\/u-banjaluci-odrzan-sastanak-predstavnika-poreznih-administracija-drzava-balkana\\\/#primaryimage\"},\"image\":{\"@id\":\"https:\\\/\\\/www.uino.gov.ba\\\/portal\\\/bs\\\/novosti\\\/u-banjaluci-odrzan-sastanak-predstavnika-poreznih-administracija-drzava-balkana\\\/#primaryimage\"},\"thumbnailUrl\":\"https:\\\/\\\/www.uino.gov.ba\\\/portal\\\/wp-content\\\/uploads\\\/4-SAOPSTENJA\\\/2024\\\/31-05-24\\\/sastanak-1-scaled.jpeg\",\"datePublished\":\"2024-05-31T11:15:46+00:00\",\"dateModified\":\"2024-05-31T11:18:06+00:00\",\"author\":{\"@id\":\"https:\\\/\\\/www.uino.gov.ba\\\/portal\\\/#\\\/schema\\\/person\\\/7e08ae05a155bd4e8ef3f99e9e0fc985\"},\"breadcrumb\":{\"@id\":\"https:\\\/\\\/www.uino.gov.ba\\\/portal\\\/bs\\\/novosti\\\/u-banjaluci-odrzan-sastanak-predstavnika-poreznih-administracija-drzava-balkana\\\/#breadcrumb\"},\"inLanguage\":\"en-US\",\"potentialAction\":[{\"@type\":\"ReadAction\",\"target\":[\"https:\\\/\\\/www.uino.gov.ba\\\/portal\\\/bs\\\/novosti\\\/u-banjaluci-odrzan-sastanak-predstavnika-poreznih-administracija-drzava-balkana\\\/\"]}]},{\"@type\":\"ImageObject\",\"inLanguage\":\"en-US\",\"@id\":\"https:\\\/\\\/www.uino.gov.ba\\\/portal\\\/bs\\\/novosti\\\/u-banjaluci-odrzan-sastanak-predstavnika-poreznih-administracija-drzava-balkana\\\/#primaryimage\",\"url\":\"https:\\\/\\\/www.uino.gov.ba\\\/portal\\\/wp-content\\\/uploads\\\/4-SAOPSTENJA\\\/2024\\\/31-05-24\\\/sastanak-1-scaled.jpeg\",\"contentUrl\":\"https:\\\/\\\/www.uino.gov.ba\\\/portal\\\/wp-content\\\/uploads\\\/4-SAOPSTENJA\\\/2024\\\/31-05-24\\\/sastanak-1-scaled.jpeg\",\"width\":2560,\"height\":1920},{\"@type\":\"BreadcrumbList\",\"@id\":\"https:\\\/\\\/www.uino.gov.ba\\\/portal\\\/bs\\\/novosti\\\/u-banjaluci-odrzan-sastanak-predstavnika-poreznih-administracija-drzava-balkana\\\/#breadcrumb\",\"itemListElement\":[{\"@type\":\"ListItem\",\"position\":1,\"name\":\"\",\"item\":\"https:\\\/\\\/www.uino.gov.ba\\\/portal\\\/bs\\\/\"},{\"@type\":\"ListItem\",\"position\":2,\"name\":\"Novosti\",\"item\":\"https:\\\/\\\/www.uino.gov.ba\\\/portal\\\/bs\\\/novosti\\\/\"},{\"@type\":\"ListItem\",\"position\":3,\"name\":\"U Banjaluci odr\u017ean sastanak predstavnika poreznih administracija dr\u017eava Balkana\"}]},{\"@type\":\"WebSite\",\"@id\":\"https:\\\/\\\/www.uino.gov.ba\\\/portal\\\/#website\",\"url\":\"https:\\\/\\\/www.uino.gov.ba\\\/portal\\\/\",\"name\":\"Uprava za indirektno \\\/ neizravno oporezivanje BiH\",\"description\":\"\",\"potentialAction\":[{\"@type\":\"SearchAction\",\"target\":{\"@type\":\"EntryPoint\",\"urlTemplate\":\"https:\\\/\\\/www.uino.gov.ba\\\/portal\\\/?s={search_term_string}\"},\"query-input\":{\"@type\":\"PropertyValueSpecification\",\"valueRequired\":true,\"valueName\":\"search_term_string\"}}],\"inLanguage\":\"en-US\"},{\"@type\":\"Person\",\"@id\":\"https:\\\/\\\/www.uino.gov.ba\\\/portal\\\/#\\\/schema\\\/person\\\/7e08ae05a155bd4e8ef3f99e9e0fc985\",\"name\":\"dzenan.k\",\"image\":{\"@type\":\"ImageObject\",\"inLanguage\":\"en-US\",\"@id\":\"https:\\\/\\\/secure.gravatar.com\\\/avatar\\\/8381504bb29898236f08b86317cd3c6e6c291e88000a4a555fafa7ba6753e872?s=96&d=mm&r=g\",\"url\":\"https:\\\/\\\/secure.gravatar.com\\\/avatar\\\/8381504bb29898236f08b86317cd3c6e6c291e88000a4a555fafa7ba6753e872?s=96&d=mm&r=g\",\"contentUrl\":\"https:\\\/\\\/secure.gravatar.com\\\/avatar\\\/8381504bb29898236f08b86317cd3c6e6c291e88000a4a555fafa7ba6753e872?s=96&d=mm&r=g\",\"caption\":\"dzenan.k\"}}]}<\/script>\n<!-- \/ Yoast SEO plugin. -->","yoast_head_json":{"title":"U Banjaluci odr\u017ean sastanak predstavnika poreznih administracija dr\u017eava Balkana - Uprava za indirektno \/ neizravno oporezivanje BiH","robots":{"index":"index","follow":"follow","max-snippet":"max-snippet:-1","max-image-preview":"max-image-preview:large","max-video-preview":"max-video-preview:-1"},"canonical":"https:\/\/www.uino.gov.ba\/portal\/bs\/novosti\/u-banjaluci-odrzan-sastanak-predstavnika-poreznih-administracija-drzava-balkana\/","og_locale":"en_US","og_type":"article","og_title":"U Banjaluci odr\u017ean sastanak predstavnika poreznih administracija dr\u017eava Balkana - Uprava za indirektno \/ neizravno oporezivanje BiH","og_description":"Porezne uprave iz regiona zajedno protiv utaja poreza Intenzivna me\u0111usobna suradnja i brza razmjena podataka i informacija izme\u0111u poreznih administracija dr\u017eava regije Balkana \u2013 B6, bit \u0107e i dalje u fokusu njihovog zajedni\u010dkog djelovanja sa jedinstvenim ciljem pove\u0107anja nivoa porezne discipline i razotkrivanja poreznih utaja u dr\u017eavama ovog regiona. Poru\u010deno je to, izme\u0111u ostalog, sa [&hellip;]","og_url":"https:\/\/www.uino.gov.ba\/portal\/bs\/novosti\/u-banjaluci-odrzan-sastanak-predstavnika-poreznih-administracija-drzava-balkana\/","og_site_name":"Uprava za indirektno \/ neizravno oporezivanje BiH","article_published_time":"2024-05-31T11:15:46+00:00","article_modified_time":"2024-05-31T11:18:06+00:00","og_image":[{"width":2560,"height":1920,"url":"https:\/\/www.uino.gov.ba\/portal\/wp-content\/uploads\/4-SAOPSTENJA\/2024\/31-05-24\/sastanak-1-scaled.jpeg","type":"image\/jpeg"}],"author":"dzenan.k","twitter_card":"summary_large_image","twitter_misc":{"Written by":"dzenan.k","Est. reading time":"3 minutes"},"schema":{"@context":"https:\/\/schema.org","@graph":[{"@type":"Article","@id":"https:\/\/www.uino.gov.ba\/portal\/bs\/novosti\/u-banjaluci-odrzan-sastanak-predstavnika-poreznih-administracija-drzava-balkana\/#article","isPartOf":{"@id":"https:\/\/www.uino.gov.ba\/portal\/bs\/novosti\/u-banjaluci-odrzan-sastanak-predstavnika-poreznih-administracija-drzava-balkana\/"},"author":{"name":"dzenan.k","@id":"https:\/\/www.uino.gov.ba\/portal\/#\/schema\/person\/7e08ae05a155bd4e8ef3f99e9e0fc985"},"headline":"U Banjaluci odr\u017ean sastanak predstavnika poreznih administracija dr\u017eava Balkana","datePublished":"2024-05-31T11:15:46+00:00","dateModified":"2024-05-31T11:18:06+00:00","mainEntityOfPage":{"@id":"https:\/\/www.uino.gov.ba\/portal\/bs\/novosti\/u-banjaluci-odrzan-sastanak-predstavnika-poreznih-administracija-drzava-balkana\/"},"wordCount":419,"image":{"@id":"https:\/\/www.uino.gov.ba\/portal\/bs\/novosti\/u-banjaluci-odrzan-sastanak-predstavnika-poreznih-administracija-drzava-balkana\/#primaryimage"},"thumbnailUrl":"https:\/\/www.uino.gov.ba\/portal\/wp-content\/uploads\/4-SAOPSTENJA\/2024\/31-05-24\/sastanak-1-scaled.jpeg","articleSection":["Novosti"],"inLanguage":"en-US"},{"@type":"WebPage","@id":"https:\/\/www.uino.gov.ba\/portal\/bs\/novosti\/u-banjaluci-odrzan-sastanak-predstavnika-poreznih-administracija-drzava-balkana\/","url":"https:\/\/www.uino.gov.ba\/portal\/bs\/novosti\/u-banjaluci-odrzan-sastanak-predstavnika-poreznih-administracija-drzava-balkana\/","name":"U Banjaluci odr\u017ean sastanak predstavnika poreznih administracija dr\u017eava Balkana - Uprava za indirektno \/ neizravno oporezivanje BiH","isPartOf":{"@id":"https:\/\/www.uino.gov.ba\/portal\/#website"},"primaryImageOfPage":{"@id":"https:\/\/www.uino.gov.ba\/portal\/bs\/novosti\/u-banjaluci-odrzan-sastanak-predstavnika-poreznih-administracija-drzava-balkana\/#primaryimage"},"image":{"@id":"https:\/\/www.uino.gov.ba\/portal\/bs\/novosti\/u-banjaluci-odrzan-sastanak-predstavnika-poreznih-administracija-drzava-balkana\/#primaryimage"},"thumbnailUrl":"https:\/\/www.uino.gov.ba\/portal\/wp-content\/uploads\/4-SAOPSTENJA\/2024\/31-05-24\/sastanak-1-scaled.jpeg","datePublished":"2024-05-31T11:15:46+00:00","dateModified":"2024-05-31T11:18:06+00:00","author":{"@id":"https:\/\/www.uino.gov.ba\/portal\/#\/schema\/person\/7e08ae05a155bd4e8ef3f99e9e0fc985"},"breadcrumb":{"@id":"https:\/\/www.uino.gov.ba\/portal\/bs\/novosti\/u-banjaluci-odrzan-sastanak-predstavnika-poreznih-administracija-drzava-balkana\/#breadcrumb"},"inLanguage":"en-US","potentialAction":[{"@type":"ReadAction","target":["https:\/\/www.uino.gov.ba\/portal\/bs\/novosti\/u-banjaluci-odrzan-sastanak-predstavnika-poreznih-administracija-drzava-balkana\/"]}]},{"@type":"ImageObject","inLanguage":"en-US","@id":"https:\/\/www.uino.gov.ba\/portal\/bs\/novosti\/u-banjaluci-odrzan-sastanak-predstavnika-poreznih-administracija-drzava-balkana\/#primaryimage","url":"https:\/\/www.uino.gov.ba\/portal\/wp-content\/uploads\/4-SAOPSTENJA\/2024\/31-05-24\/sastanak-1-scaled.jpeg","contentUrl":"https:\/\/www.uino.gov.ba\/portal\/wp-content\/uploads\/4-SAOPSTENJA\/2024\/31-05-24\/sastanak-1-scaled.jpeg","width":2560,"height":1920},{"@type":"BreadcrumbList","@id":"https:\/\/www.uino.gov.ba\/portal\/bs\/novosti\/u-banjaluci-odrzan-sastanak-predstavnika-poreznih-administracija-drzava-balkana\/#breadcrumb","itemListElement":[{"@type":"ListItem","position":1,"name":"","item":"https:\/\/www.uino.gov.ba\/portal\/bs\/"},{"@type":"ListItem","position":2,"name":"Novosti","item":"https:\/\/www.uino.gov.ba\/portal\/bs\/novosti\/"},{"@type":"ListItem","position":3,"name":"U Banjaluci odr\u017ean sastanak predstavnika poreznih administracija dr\u017eava Balkana"}]},{"@type":"WebSite","@id":"https:\/\/www.uino.gov.ba\/portal\/#website","url":"https:\/\/www.uino.gov.ba\/portal\/","name":"Uprava za indirektno \/ neizravno oporezivanje BiH","description":"","potentialAction":[{"@type":"SearchAction","target":{"@type":"EntryPoint","urlTemplate":"https:\/\/www.uino.gov.ba\/portal\/?s={search_term_string}"},"query-input":{"@type":"PropertyValueSpecification","valueRequired":true,"valueName":"search_term_string"}}],"inLanguage":"en-US"},{"@type":"Person","@id":"https:\/\/www.uino.gov.ba\/portal\/#\/schema\/person\/7e08ae05a155bd4e8ef3f99e9e0fc985","name":"dzenan.k","image":{"@type":"ImageObject","inLanguage":"en-US","@id":"https:\/\/secure.gravatar.com\/avatar\/8381504bb29898236f08b86317cd3c6e6c291e88000a4a555fafa7ba6753e872?s=96&d=mm&r=g","url":"https:\/\/secure.gravatar.com\/avatar\/8381504bb29898236f08b86317cd3c6e6c291e88000a4a555fafa7ba6753e872?s=96&d=mm&r=g","contentUrl":"https:\/\/secure.gravatar.com\/avatar\/8381504bb29898236f08b86317cd3c6e6c291e88000a4a555fafa7ba6753e872?s=96&d=mm&r=g","caption":"dzenan.k"}}]}},"publishpress_future_action":{"enabled":false,"date":"2026-05-10 10:28:16","action":"change-status","newStatus":"draft","terms":[],"taxonomy":"category","extraData":[]},"publishpress_future_workflow_manual_trigger":{"enabledWorkflows":[]},"_links":{"self":[{"href":"https:\/\/www.uino.gov.ba\/portal\/wp-json\/wp\/v2\/posts\/42702","targetHints":{"allow":["GET"]}}],"collection":[{"href":"https:\/\/www.uino.gov.ba\/portal\/wp-json\/wp\/v2\/posts"}],"about":[{"href":"https:\/\/www.uino.gov.ba\/portal\/wp-json\/wp\/v2\/types\/post"}],"author":[{"embeddable":true,"href":"https:\/\/www.uino.gov.ba\/portal\/wp-json\/wp\/v2\/users\/2"}],"replies":[{"embeddable":true,"href":"https:\/\/www.uino.gov.ba\/portal\/wp-json\/wp\/v2\/comments?post=42702"}],"version-history":[{"count":2,"href":"https:\/\/www.uino.gov.ba\/portal\/wp-json\/wp\/v2\/posts\/42702\/revisions"}],"predecessor-version":[{"id":42707,"href":"https:\/\/www.uino.gov.ba\/portal\/wp-json\/wp\/v2\/posts\/42702\/revisions\/42707"}],"wp:featuredmedia":[{"embeddable":true,"href":"https:\/\/www.uino.gov.ba\/portal\/wp-json\/wp\/v2\/media\/42701"}],"wp:attachment":[{"href":"https:\/\/www.uino.gov.ba\/portal\/wp-json\/wp\/v2\/media?parent=42702"}],"wp:term":[{"taxonomy":"category","embeddable":true,"href":"https:\/\/www.uino.gov.ba\/portal\/wp-json\/wp\/v2\/categories?post=42702"},{"taxonomy":"post_tag","embeddable":true,"href":"https:\/\/www.uino.gov.ba\/portal\/wp-json\/wp\/v2\/tags?post=42702"}],"curies":[{"name":"wp","href":"https:\/\/api.w.org\/{rel}","templated":true}]}}