{"id":42010,"date":"2024-04-17T12:00:29","date_gmt":"2024-04-17T10:00:29","guid":{"rendered":"https:\/\/www.uino.gov.ba\/portal\/?p=42010"},"modified":"2024-04-17T12:00:29","modified_gmt":"2024-04-17T10:00:29","slug":"sluzbenik-uio-odrzao-obuku-za-carinsku-administraciju-republike-jermenije","status":"publish","type":"post","link":"https:\/\/www.uino.gov.ba\/portal\/bs\/novosti\/sluzbenik-uio-odrzao-obuku-za-carinsku-administraciju-republike-jermenije\/","title":{"rendered":"Slu\u017ebenik UIO odr\u017eao obuku za Carinsku administraciju Republike Jermenije"},"content":{"rendered":"<p style=\"text-align: justify;\">U organizaciji i na poziv Svjetske carinske organizacije u Jerevanu (Republika Jermenija), Ognjen Alagi\u0107, \u0161ef CI Aerodrom Banja Luka i akreditirani stru\u010dnjak Svjetske carinske organizacije u oblasti carinskog vrednovanja, vodio je, u svojstvu predava\u010da, nacionalnu radionicu na temu <strong>\u201eCarinsko vrednovanje\u201c<\/strong>, za slu\u017ebenike carinske administracije.<\/p>\n<p style=\"text-align: justify;\">Ciljevi \u00a0radionice \u00a0bili su podr\u0161ka pomenutoj administraciji u implementaciji Sporazuma Svjetske trgovinske organizacije o carinskom vrednovanju, ja\u010danje administrativnih kapaciteta, kao i produbljivanje znanja na polju carinskog vrednovanja i njegova efikasnija primjena.<\/p>\n<p style=\"text-align: justify;\">Radionicu je, zajedno sa Ognjenom Alagi\u0107em, vodila Marta Kanele, iz Carinske administracije Republike Letonije, uz prisustvo 22 u\u010desnika, odnosno carinska slu\u017ebenika zemlje doma\u0107ina.<\/p>\n<p style=\"text-align: justify;\">Petodnevna radionica bila je posve\u0107ena mnogim tehni\u010dkim aspektima carinskog vrednovanja kao \u0161to su transakcijska vrijednost, uskla\u0111ivanje, alternativni metodi vrednovanja, naknadna kontrola, te instrumenti i alati SCO-a, sa posebnim osvrtom na odabrane instrumente, usvojene od strane Tehni\u010dkog odbora za carinsko vrednovanje.<\/p>\n<p style=\"text-align: justify;\">Tokom radionice, u\u010desnici su tako\u0111er imali priliku da uzmu aktivno u\u010de\u0161\u0107e i prezentiraju prakti\u010dne lokalne primjere, uz kontinuiranu diskusiju, komentare i pitanja upu\u0107ena predava\u010dima.<\/p>\n<p style=\"text-align: justify;\">Ispred doma\u0107ina se, u svom zavr\u0161nom obra\u0107anju, \u0161ef Odjeljenja za me\u0111unarodnu suradnju Carinske administracije Republike Jermenije Sose Stepanijan, zahvalila organizatoru i predava\u010dima, isti\u010du\u0107i va\u017enost jednoobrazne primjene Sporazuma o carinskom vrednovanju u svim dr\u017eavama \u010dlanicama Svjetske trgovinske organizacije.<\/p>\n<p style=\"text-align: justify;\">U tom pogledu i Svjetska carinska organizacija zahvalila se Upravi za indirektno oporezivanje na kontinuiranoj podr\u0161ci aktivnostima na polju tehni\u010dke pomo\u0107i i razvojnih kapaciteta.<\/p>\n<div class=\"wp-block-image\"><img loading=\"lazy\" decoding=\"async\" class=\"wpa-warning wpa-image-missing-alt alignnone size-medium wp-image-42013\" src=\"https:\/\/www.uino.gov.ba\/portal\/wp-content\/uploads\/4-SAOPSTENJA\/2024\/17-04-24\/IMG-20240411-WA0006-300x200.jpg\" alt=\"\" width=\"300\" height=\"200\" data-warning=\"Missing alt text\" \/><\/div>\n<div class=\"wp-block-image\"><img loading=\"lazy\" decoding=\"async\" class=\"wpa-warning wpa-image-missing-alt alignnone size-medium wp-image-42012\" src=\"https:\/\/www.uino.gov.ba\/portal\/wp-content\/uploads\/4-SAOPSTENJA\/2024\/17-04-24\/IMG-20240411-WA0008-300x200.jpg\" alt=\"\" width=\"300\" height=\"200\" data-warning=\"Missing alt text\" \/><\/div>\n<div class=\"wp-block-image\"><img loading=\"lazy\" decoding=\"async\" class=\"wpa-warning wpa-image-missing-alt alignnone size-medium wp-image-42011\" src=\"https:\/\/www.uino.gov.ba\/portal\/wp-content\/uploads\/4-SAOPSTENJA\/2024\/17-04-24\/IMG-20240411-WA0000-300x200.jpg\" alt=\"\" width=\"300\" height=\"200\" data-warning=\"Missing alt text\" \/><\/div>\n","protected":false},"excerpt":{"rendered":"<p>U organizaciji i na poziv Svjetske carinske organizacije u Jerevanu (Republika Jermenija), Ognjen Alagi\u0107, \u0161ef CI Aerodrom Banja Luka i akreditirani stru\u010dnjak Svjetske carinske organizacije u oblasti carinskog vrednovanja, vodio je, u svojstvu predava\u010da, nacionalnu radionicu na temu \u201eCarinsko vrednovanje\u201c, za slu\u017ebenike carinske administracije. Ciljevi \u00a0radionice \u00a0bili su podr\u0161ka pomenutoj administraciji u implementaciji Sporazuma Svjetske [&hellip;]<\/p>\n","protected":false},"author":2,"featured_media":42014,"comment_status":"closed","ping_status":"closed","sticky":false,"template":"","format":"standard","meta":{"_acf_changed":false,"_et_pb_use_builder":"","_et_pb_old_content":"","_et_gb_content_width":"","footnotes":""},"categories":[36],"tags":[],"class_list":["post-42010","post","type-post","status-publish","format-standard","has-post-thumbnail","hentry","category-novosti"],"acf":[],"yoast_head":"<!-- This site is optimized with the Yoast SEO plugin v27.5 - https:\/\/yoast.com\/product\/yoast-seo-wordpress\/ -->\n<title>Slu\u017ebenik UIO odr\u017eao obuku za Carinsku administraciju Republike Jermenije - Uprava za indirektno \/ neizravno oporezivanje BiH<\/title>\n<meta name=\"robots\" content=\"index, follow, max-snippet:-1, max-image-preview:large, max-video-preview:-1\" \/>\n<link rel=\"canonical\" href=\"https:\/\/www.uino.gov.ba\/portal\/bs\/novosti\/sluzbenik-uio-odrzao-obuku-za-carinsku-administraciju-republike-jermenije\/\" \/>\n<meta property=\"og:locale\" content=\"en_US\" \/>\n<meta property=\"og:type\" content=\"article\" \/>\n<meta property=\"og:title\" content=\"Slu\u017ebenik UIO odr\u017eao obuku za Carinsku administraciju Republike Jermenije - Uprava za indirektno \/ neizravno oporezivanje BiH\" \/>\n<meta property=\"og:description\" content=\"U organizaciji i na poziv Svjetske carinske organizacije u Jerevanu (Republika Jermenija), Ognjen Alagi\u0107, \u0161ef CI Aerodrom Banja Luka i akreditirani stru\u010dnjak Svjetske carinske organizacije u oblasti carinskog vrednovanja, vodio je, u svojstvu predava\u010da, nacionalnu radionicu na temu \u201eCarinsko vrednovanje\u201c, za slu\u017ebenike carinske administracije. Ciljevi \u00a0radionice \u00a0bili su podr\u0161ka pomenutoj administraciji u implementaciji Sporazuma Svjetske [&hellip;]\" \/>\n<meta property=\"og:url\" content=\"https:\/\/www.uino.gov.ba\/portal\/bs\/novosti\/sluzbenik-uio-odrzao-obuku-za-carinsku-administraciju-republike-jermenije\/\" \/>\n<meta property=\"og:site_name\" content=\"Uprava za indirektno \/ neizravno oporezivanje BiH\" \/>\n<meta property=\"article:published_time\" content=\"2024-04-17T10:00:29+00:00\" \/>\n<meta property=\"og:image\" content=\"https:\/\/www.uino.gov.ba\/portal\/wp-content\/uploads\/4-SAOPSTENJA\/2024\/17-04-24\/IMG-20240411-WA0014.jpg\" \/>\n\t<meta property=\"og:image:width\" content=\"1518\" \/>\n\t<meta property=\"og:image:height\" content=\"810\" \/>\n\t<meta property=\"og:image:type\" content=\"image\/jpeg\" \/>\n<meta name=\"author\" content=\"dzenan.k\" \/>\n<meta name=\"twitter:card\" content=\"summary_large_image\" \/>\n<meta name=\"twitter:label1\" content=\"Written by\" \/>\n\t<meta name=\"twitter:data1\" content=\"dzenan.k\" \/>\n\t<meta name=\"twitter:label2\" content=\"Est. reading time\" \/>\n\t<meta name=\"twitter:data2\" content=\"2 minutes\" \/>\n<script type=\"application\/ld+json\" class=\"yoast-schema-graph\">{\"@context\":\"https:\\\/\\\/schema.org\",\"@graph\":[{\"@type\":\"Article\",\"@id\":\"https:\\\/\\\/www.uino.gov.ba\\\/portal\\\/bs\\\/novosti\\\/sluzbenik-uio-odrzao-obuku-za-carinsku-administraciju-republike-jermenije\\\/#article\",\"isPartOf\":{\"@id\":\"https:\\\/\\\/www.uino.gov.ba\\\/portal\\\/bs\\\/novosti\\\/sluzbenik-uio-odrzao-obuku-za-carinsku-administraciju-republike-jermenije\\\/\"},\"author\":{\"name\":\"dzenan.k\",\"@id\":\"https:\\\/\\\/www.uino.gov.ba\\\/portal\\\/#\\\/schema\\\/person\\\/7e08ae05a155bd4e8ef3f99e9e0fc985\"},\"headline\":\"Slu\u017ebenik UIO odr\u017eao obuku za Carinsku administraciju Republike Jermenije\",\"datePublished\":\"2024-04-17T10:00:29+00:00\",\"mainEntityOfPage\":{\"@id\":\"https:\\\/\\\/www.uino.gov.ba\\\/portal\\\/bs\\\/novosti\\\/sluzbenik-uio-odrzao-obuku-za-carinsku-administraciju-republike-jermenije\\\/\"},\"wordCount\":265,\"image\":{\"@id\":\"https:\\\/\\\/www.uino.gov.ba\\\/portal\\\/bs\\\/novosti\\\/sluzbenik-uio-odrzao-obuku-za-carinsku-administraciju-republike-jermenije\\\/#primaryimage\"},\"thumbnailUrl\":\"https:\\\/\\\/www.uino.gov.ba\\\/portal\\\/wp-content\\\/uploads\\\/4-SAOPSTENJA\\\/2024\\\/17-04-24\\\/IMG-20240411-WA0014.jpg\",\"articleSection\":[\"Novosti\"],\"inLanguage\":\"en-US\"},{\"@type\":\"WebPage\",\"@id\":\"https:\\\/\\\/www.uino.gov.ba\\\/portal\\\/bs\\\/novosti\\\/sluzbenik-uio-odrzao-obuku-za-carinsku-administraciju-republike-jermenije\\\/\",\"url\":\"https:\\\/\\\/www.uino.gov.ba\\\/portal\\\/bs\\\/novosti\\\/sluzbenik-uio-odrzao-obuku-za-carinsku-administraciju-republike-jermenije\\\/\",\"name\":\"Slu\u017ebenik UIO odr\u017eao obuku za Carinsku administraciju Republike Jermenije - Uprava za indirektno \\\/ neizravno oporezivanje BiH\",\"isPartOf\":{\"@id\":\"https:\\\/\\\/www.uino.gov.ba\\\/portal\\\/#website\"},\"primaryImageOfPage\":{\"@id\":\"https:\\\/\\\/www.uino.gov.ba\\\/portal\\\/bs\\\/novosti\\\/sluzbenik-uio-odrzao-obuku-za-carinsku-administraciju-republike-jermenije\\\/#primaryimage\"},\"image\":{\"@id\":\"https:\\\/\\\/www.uino.gov.ba\\\/portal\\\/bs\\\/novosti\\\/sluzbenik-uio-odrzao-obuku-za-carinsku-administraciju-republike-jermenije\\\/#primaryimage\"},\"thumbnailUrl\":\"https:\\\/\\\/www.uino.gov.ba\\\/portal\\\/wp-content\\\/uploads\\\/4-SAOPSTENJA\\\/2024\\\/17-04-24\\\/IMG-20240411-WA0014.jpg\",\"datePublished\":\"2024-04-17T10:00:29+00:00\",\"author\":{\"@id\":\"https:\\\/\\\/www.uino.gov.ba\\\/portal\\\/#\\\/schema\\\/person\\\/7e08ae05a155bd4e8ef3f99e9e0fc985\"},\"breadcrumb\":{\"@id\":\"https:\\\/\\\/www.uino.gov.ba\\\/portal\\\/bs\\\/novosti\\\/sluzbenik-uio-odrzao-obuku-za-carinsku-administraciju-republike-jermenije\\\/#breadcrumb\"},\"inLanguage\":\"en-US\",\"potentialAction\":[{\"@type\":\"ReadAction\",\"target\":[\"https:\\\/\\\/www.uino.gov.ba\\\/portal\\\/bs\\\/novosti\\\/sluzbenik-uio-odrzao-obuku-za-carinsku-administraciju-republike-jermenije\\\/\"]}]},{\"@type\":\"ImageObject\",\"inLanguage\":\"en-US\",\"@id\":\"https:\\\/\\\/www.uino.gov.ba\\\/portal\\\/bs\\\/novosti\\\/sluzbenik-uio-odrzao-obuku-za-carinsku-administraciju-republike-jermenije\\\/#primaryimage\",\"url\":\"https:\\\/\\\/www.uino.gov.ba\\\/portal\\\/wp-content\\\/uploads\\\/4-SAOPSTENJA\\\/2024\\\/17-04-24\\\/IMG-20240411-WA0014.jpg\",\"contentUrl\":\"https:\\\/\\\/www.uino.gov.ba\\\/portal\\\/wp-content\\\/uploads\\\/4-SAOPSTENJA\\\/2024\\\/17-04-24\\\/IMG-20240411-WA0014.jpg\",\"width\":1518,\"height\":810},{\"@type\":\"BreadcrumbList\",\"@id\":\"https:\\\/\\\/www.uino.gov.ba\\\/portal\\\/bs\\\/novosti\\\/sluzbenik-uio-odrzao-obuku-za-carinsku-administraciju-republike-jermenije\\\/#breadcrumb\",\"itemListElement\":[{\"@type\":\"ListItem\",\"position\":1,\"name\":\"\",\"item\":\"https:\\\/\\\/www.uino.gov.ba\\\/portal\\\/bs\\\/\"},{\"@type\":\"ListItem\",\"position\":2,\"name\":\"Novosti\",\"item\":\"https:\\\/\\\/www.uino.gov.ba\\\/portal\\\/bs\\\/novosti\\\/\"},{\"@type\":\"ListItem\",\"position\":3,\"name\":\"Slu\u017ebenik UIO odr\u017eao obuku za Carinsku administraciju Republike Jermenije\"}]},{\"@type\":\"WebSite\",\"@id\":\"https:\\\/\\\/www.uino.gov.ba\\\/portal\\\/#website\",\"url\":\"https:\\\/\\\/www.uino.gov.ba\\\/portal\\\/\",\"name\":\"Uprava za indirektno \\\/ neizravno oporezivanje BiH\",\"description\":\"\",\"potentialAction\":[{\"@type\":\"SearchAction\",\"target\":{\"@type\":\"EntryPoint\",\"urlTemplate\":\"https:\\\/\\\/www.uino.gov.ba\\\/portal\\\/?s={search_term_string}\"},\"query-input\":{\"@type\":\"PropertyValueSpecification\",\"valueRequired\":true,\"valueName\":\"search_term_string\"}}],\"inLanguage\":\"en-US\"},{\"@type\":\"Person\",\"@id\":\"https:\\\/\\\/www.uino.gov.ba\\\/portal\\\/#\\\/schema\\\/person\\\/7e08ae05a155bd4e8ef3f99e9e0fc985\",\"name\":\"dzenan.k\",\"image\":{\"@type\":\"ImageObject\",\"inLanguage\":\"en-US\",\"@id\":\"https:\\\/\\\/secure.gravatar.com\\\/avatar\\\/8381504bb29898236f08b86317cd3c6e6c291e88000a4a555fafa7ba6753e872?s=96&d=mm&r=g\",\"url\":\"https:\\\/\\\/secure.gravatar.com\\\/avatar\\\/8381504bb29898236f08b86317cd3c6e6c291e88000a4a555fafa7ba6753e872?s=96&d=mm&r=g\",\"contentUrl\":\"https:\\\/\\\/secure.gravatar.com\\\/avatar\\\/8381504bb29898236f08b86317cd3c6e6c291e88000a4a555fafa7ba6753e872?s=96&d=mm&r=g\",\"caption\":\"dzenan.k\"}}]}<\/script>\n<!-- \/ Yoast SEO plugin. -->","yoast_head_json":{"title":"Slu\u017ebenik UIO odr\u017eao obuku za Carinsku administraciju Republike Jermenije - Uprava za indirektno \/ neizravno oporezivanje BiH","robots":{"index":"index","follow":"follow","max-snippet":"max-snippet:-1","max-image-preview":"max-image-preview:large","max-video-preview":"max-video-preview:-1"},"canonical":"https:\/\/www.uino.gov.ba\/portal\/bs\/novosti\/sluzbenik-uio-odrzao-obuku-za-carinsku-administraciju-republike-jermenije\/","og_locale":"en_US","og_type":"article","og_title":"Slu\u017ebenik UIO odr\u017eao obuku za Carinsku administraciju Republike Jermenije - Uprava za indirektno \/ neizravno oporezivanje BiH","og_description":"U organizaciji i na poziv Svjetske carinske organizacije u Jerevanu (Republika Jermenija), Ognjen Alagi\u0107, \u0161ef CI Aerodrom Banja Luka i akreditirani stru\u010dnjak Svjetske carinske organizacije u oblasti carinskog vrednovanja, vodio je, u svojstvu predava\u010da, nacionalnu radionicu na temu \u201eCarinsko vrednovanje\u201c, za slu\u017ebenike carinske administracije. Ciljevi \u00a0radionice \u00a0bili su podr\u0161ka pomenutoj administraciji u implementaciji Sporazuma Svjetske [&hellip;]","og_url":"https:\/\/www.uino.gov.ba\/portal\/bs\/novosti\/sluzbenik-uio-odrzao-obuku-za-carinsku-administraciju-republike-jermenije\/","og_site_name":"Uprava za indirektno \/ neizravno oporezivanje BiH","article_published_time":"2024-04-17T10:00:29+00:00","og_image":[{"width":1518,"height":810,"url":"https:\/\/www.uino.gov.ba\/portal\/wp-content\/uploads\/4-SAOPSTENJA\/2024\/17-04-24\/IMG-20240411-WA0014.jpg","type":"image\/jpeg"}],"author":"dzenan.k","twitter_card":"summary_large_image","twitter_misc":{"Written by":"dzenan.k","Est. reading time":"2 minutes"},"schema":{"@context":"https:\/\/schema.org","@graph":[{"@type":"Article","@id":"https:\/\/www.uino.gov.ba\/portal\/bs\/novosti\/sluzbenik-uio-odrzao-obuku-za-carinsku-administraciju-republike-jermenije\/#article","isPartOf":{"@id":"https:\/\/www.uino.gov.ba\/portal\/bs\/novosti\/sluzbenik-uio-odrzao-obuku-za-carinsku-administraciju-republike-jermenije\/"},"author":{"name":"dzenan.k","@id":"https:\/\/www.uino.gov.ba\/portal\/#\/schema\/person\/7e08ae05a155bd4e8ef3f99e9e0fc985"},"headline":"Slu\u017ebenik UIO odr\u017eao obuku za Carinsku administraciju Republike Jermenije","datePublished":"2024-04-17T10:00:29+00:00","mainEntityOfPage":{"@id":"https:\/\/www.uino.gov.ba\/portal\/bs\/novosti\/sluzbenik-uio-odrzao-obuku-za-carinsku-administraciju-republike-jermenije\/"},"wordCount":265,"image":{"@id":"https:\/\/www.uino.gov.ba\/portal\/bs\/novosti\/sluzbenik-uio-odrzao-obuku-za-carinsku-administraciju-republike-jermenije\/#primaryimage"},"thumbnailUrl":"https:\/\/www.uino.gov.ba\/portal\/wp-content\/uploads\/4-SAOPSTENJA\/2024\/17-04-24\/IMG-20240411-WA0014.jpg","articleSection":["Novosti"],"inLanguage":"en-US"},{"@type":"WebPage","@id":"https:\/\/www.uino.gov.ba\/portal\/bs\/novosti\/sluzbenik-uio-odrzao-obuku-za-carinsku-administraciju-republike-jermenije\/","url":"https:\/\/www.uino.gov.ba\/portal\/bs\/novosti\/sluzbenik-uio-odrzao-obuku-za-carinsku-administraciju-republike-jermenije\/","name":"Slu\u017ebenik UIO odr\u017eao obuku za Carinsku administraciju Republike Jermenije - Uprava za indirektno \/ neizravno oporezivanje BiH","isPartOf":{"@id":"https:\/\/www.uino.gov.ba\/portal\/#website"},"primaryImageOfPage":{"@id":"https:\/\/www.uino.gov.ba\/portal\/bs\/novosti\/sluzbenik-uio-odrzao-obuku-za-carinsku-administraciju-republike-jermenije\/#primaryimage"},"image":{"@id":"https:\/\/www.uino.gov.ba\/portal\/bs\/novosti\/sluzbenik-uio-odrzao-obuku-za-carinsku-administraciju-republike-jermenije\/#primaryimage"},"thumbnailUrl":"https:\/\/www.uino.gov.ba\/portal\/wp-content\/uploads\/4-SAOPSTENJA\/2024\/17-04-24\/IMG-20240411-WA0014.jpg","datePublished":"2024-04-17T10:00:29+00:00","author":{"@id":"https:\/\/www.uino.gov.ba\/portal\/#\/schema\/person\/7e08ae05a155bd4e8ef3f99e9e0fc985"},"breadcrumb":{"@id":"https:\/\/www.uino.gov.ba\/portal\/bs\/novosti\/sluzbenik-uio-odrzao-obuku-za-carinsku-administraciju-republike-jermenije\/#breadcrumb"},"inLanguage":"en-US","potentialAction":[{"@type":"ReadAction","target":["https:\/\/www.uino.gov.ba\/portal\/bs\/novosti\/sluzbenik-uio-odrzao-obuku-za-carinsku-administraciju-republike-jermenije\/"]}]},{"@type":"ImageObject","inLanguage":"en-US","@id":"https:\/\/www.uino.gov.ba\/portal\/bs\/novosti\/sluzbenik-uio-odrzao-obuku-za-carinsku-administraciju-republike-jermenije\/#primaryimage","url":"https:\/\/www.uino.gov.ba\/portal\/wp-content\/uploads\/4-SAOPSTENJA\/2024\/17-04-24\/IMG-20240411-WA0014.jpg","contentUrl":"https:\/\/www.uino.gov.ba\/portal\/wp-content\/uploads\/4-SAOPSTENJA\/2024\/17-04-24\/IMG-20240411-WA0014.jpg","width":1518,"height":810},{"@type":"BreadcrumbList","@id":"https:\/\/www.uino.gov.ba\/portal\/bs\/novosti\/sluzbenik-uio-odrzao-obuku-za-carinsku-administraciju-republike-jermenije\/#breadcrumb","itemListElement":[{"@type":"ListItem","position":1,"name":"","item":"https:\/\/www.uino.gov.ba\/portal\/bs\/"},{"@type":"ListItem","position":2,"name":"Novosti","item":"https:\/\/www.uino.gov.ba\/portal\/bs\/novosti\/"},{"@type":"ListItem","position":3,"name":"Slu\u017ebenik UIO odr\u017eao obuku za Carinsku administraciju Republike Jermenije"}]},{"@type":"WebSite","@id":"https:\/\/www.uino.gov.ba\/portal\/#website","url":"https:\/\/www.uino.gov.ba\/portal\/","name":"Uprava za indirektno \/ neizravno oporezivanje BiH","description":"","potentialAction":[{"@type":"SearchAction","target":{"@type":"EntryPoint","urlTemplate":"https:\/\/www.uino.gov.ba\/portal\/?s={search_term_string}"},"query-input":{"@type":"PropertyValueSpecification","valueRequired":true,"valueName":"search_term_string"}}],"inLanguage":"en-US"},{"@type":"Person","@id":"https:\/\/www.uino.gov.ba\/portal\/#\/schema\/person\/7e08ae05a155bd4e8ef3f99e9e0fc985","name":"dzenan.k","image":{"@type":"ImageObject","inLanguage":"en-US","@id":"https:\/\/secure.gravatar.com\/avatar\/8381504bb29898236f08b86317cd3c6e6c291e88000a4a555fafa7ba6753e872?s=96&d=mm&r=g","url":"https:\/\/secure.gravatar.com\/avatar\/8381504bb29898236f08b86317cd3c6e6c291e88000a4a555fafa7ba6753e872?s=96&d=mm&r=g","contentUrl":"https:\/\/secure.gravatar.com\/avatar\/8381504bb29898236f08b86317cd3c6e6c291e88000a4a555fafa7ba6753e872?s=96&d=mm&r=g","caption":"dzenan.k"}}]}},"publishpress_future_action":{"enabled":false,"date":"2026-05-09 10:49:33","action":"change-status","newStatus":"draft","terms":[],"taxonomy":"category","extraData":[]},"publishpress_future_workflow_manual_trigger":{"enabledWorkflows":[]},"_links":{"self":[{"href":"https:\/\/www.uino.gov.ba\/portal\/wp-json\/wp\/v2\/posts\/42010","targetHints":{"allow":["GET"]}}],"collection":[{"href":"https:\/\/www.uino.gov.ba\/portal\/wp-json\/wp\/v2\/posts"}],"about":[{"href":"https:\/\/www.uino.gov.ba\/portal\/wp-json\/wp\/v2\/types\/post"}],"author":[{"embeddable":true,"href":"https:\/\/www.uino.gov.ba\/portal\/wp-json\/wp\/v2\/users\/2"}],"replies":[{"embeddable":true,"href":"https:\/\/www.uino.gov.ba\/portal\/wp-json\/wp\/v2\/comments?post=42010"}],"version-history":[{"count":1,"href":"https:\/\/www.uino.gov.ba\/portal\/wp-json\/wp\/v2\/posts\/42010\/revisions"}],"predecessor-version":[{"id":42015,"href":"https:\/\/www.uino.gov.ba\/portal\/wp-json\/wp\/v2\/posts\/42010\/revisions\/42015"}],"wp:featuredmedia":[{"embeddable":true,"href":"https:\/\/www.uino.gov.ba\/portal\/wp-json\/wp\/v2\/media\/42014"}],"wp:attachment":[{"href":"https:\/\/www.uino.gov.ba\/portal\/wp-json\/wp\/v2\/media?parent=42010"}],"wp:term":[{"taxonomy":"category","embeddable":true,"href":"https:\/\/www.uino.gov.ba\/portal\/wp-json\/wp\/v2\/categories?post=42010"},{"taxonomy":"post_tag","embeddable":true,"href":"https:\/\/www.uino.gov.ba\/portal\/wp-json\/wp\/v2\/tags?post=42010"}],"curies":[{"name":"wp","href":"https:\/\/api.w.org\/{rel}","templated":true}]}}