{"id":41626,"date":"2024-03-28T14:35:22","date_gmt":"2024-03-28T13:35:22","guid":{"rendered":"https:\/\/www.uino.gov.ba\/portal\/?p=41626"},"modified":"2024-03-28T14:35:22","modified_gmt":"2024-03-28T13:35:22","slug":"digitalni-kvalificirani-potpis-uio-koristi-vlada-kantona-sarajevo","status":"publish","type":"post","link":"https:\/\/www.uino.gov.ba\/portal\/bs\/novosti\/digitalni-kvalificirani-potpis-uio-koristi-vlada-kantona-sarajevo\/","title":{"rendered":"Digitalni kvalificirani potpis UIO koristi Vlada Kantona Sarajevo"},"content":{"rendered":"<p style=\"text-align: justify;\">U okviru procesa digitalizacije javne uprave u Kantonu Sarajevo direktor Uprave za indirektno oporezivanje dr. Zoran Tegeltija, uru\u010dio je danas kvalificirane elektronske potvrde predsjedniku Vlade Kantona Sarajevo i ministrima u vladi.<\/p>\n<p style=\"text-align: justify;\">\u201eVlada KS je prva vlada koja je u kompletnom sazivu podnijela zahtjeve za izdavanje digitalnih potpisa, a u toku je nabavka i za sve ostale rukovodioce u sistemu kantonalne uprave. Time stvaramo pretpostavku da na\u0161 projekt E-vlade u potpunosti za\u017eivi, \u0161to je u skladu s na\u0161om intencijom da me\u0111uinstitucionalnu i internu komunikaciju u potpunosti prebacimo u digitalnu formu. \u017delimo je u najve\u0107oj mogu\u0107oj mjeri u\u010diniti &#8216;bespapirnom&#8217;, \u0161to nije mogu\u0107e uraditi u stopostotnom obliku, ali svako reduciranje kolanja papira je odre\u0111eni korak naprijed\u201c, istaknula je ovom prilikom ministrica pravde i uprave KS Darja Softi\u0107 Kadeni\u0107, u ime Ministarstva koje je nosilac projekta digitalizacije javne uprave u Kantonu Sarajevo.<\/p>\n<p style=\"text-align: justify;\">Direktor Uprave za indirektno oporezivanje dr. Zoran Tegeltija istakao je da se Vlada KS opredijelila za digitalizaciju svoje javne uprave a to zna\u010di da se br\u017ee i kvalitetnije pru\u017ee usluge gra\u0111anima.<\/p>\n<p style=\"text-align: justify;\">\u201eTo je proces koji tra\u017ei mnogo vi\u0161e napora od omogu\u0107avanja elektronskog potpisa. Me\u0111utim, Vlada priprema sva potrebna zakonska rje\u0161enja, kako bi se broj servisa koji gra\u0111ani i privrednici mogu koristiti pove\u0107ao \u0161to prije, te se omogu\u0107ilo da imaju \u0161to br\u017ee i efikasnije usluge. Mi iz UIO smo na raspolaganju Vladi KS da omogu\u0107imo tehni\u010dku podr\u0161ku i sigurnost. Digitalizacija nije bauk. UIO danas ima u svom sistemu vi\u0161e od 800.000 tako potpisanih dokumenata i taj broj se svakodnevno pove\u0107ava\u201c, naveo je Tegeltija.<\/p>\n","protected":false},"excerpt":{"rendered":"<p>U okviru procesa digitalizacije javne uprave u Kantonu Sarajevo direktor Uprave za indirektno oporezivanje dr. Zoran Tegeltija, uru\u010dio je danas kvalificirane elektronske potvrde predsjedniku Vlade Kantona Sarajevo i ministrima u vladi. \u201eVlada KS je prva vlada koja je u kompletnom sazivu podnijela zahtjeve za izdavanje digitalnih potpisa, a u toku je nabavka i za sve [&hellip;]<\/p>\n","protected":false},"author":2,"featured_media":41625,"comment_status":"closed","ping_status":"closed","sticky":false,"template":"","format":"standard","meta":{"_acf_changed":false,"_et_pb_use_builder":"","_et_pb_old_content":"","_et_gb_content_width":"","footnotes":""},"categories":[36],"tags":[],"class_list":["post-41626","post","type-post","status-publish","format-standard","has-post-thumbnail","hentry","category-novosti"],"acf":[],"yoast_head":"<!-- This site is optimized with the Yoast SEO plugin v27.5 - https:\/\/yoast.com\/product\/yoast-seo-wordpress\/ -->\n<title>Digitalni kvalificirani potpis UIO koristi Vlada Kantona Sarajevo - Uprava za indirektno \/ neizravno oporezivanje BiH<\/title>\n<meta name=\"robots\" content=\"index, follow, max-snippet:-1, max-image-preview:large, max-video-preview:-1\" \/>\n<link rel=\"canonical\" href=\"https:\/\/www.uino.gov.ba\/portal\/bs\/novosti\/digitalni-kvalificirani-potpis-uio-koristi-vlada-kantona-sarajevo\/\" \/>\n<meta property=\"og:locale\" content=\"en_US\" \/>\n<meta property=\"og:type\" content=\"article\" \/>\n<meta property=\"og:title\" content=\"Digitalni kvalificirani potpis UIO koristi Vlada Kantona Sarajevo - Uprava za indirektno \/ neizravno oporezivanje BiH\" \/>\n<meta property=\"og:description\" content=\"U okviru procesa digitalizacije javne uprave u Kantonu Sarajevo direktor Uprave za indirektno oporezivanje dr. Zoran Tegeltija, uru\u010dio je danas kvalificirane elektronske potvrde predsjedniku Vlade Kantona Sarajevo i ministrima u vladi. \u201eVlada KS je prva vlada koja je u kompletnom sazivu podnijela zahtjeve za izdavanje digitalnih potpisa, a u toku je nabavka i za sve [&hellip;]\" \/>\n<meta property=\"og:url\" content=\"https:\/\/www.uino.gov.ba\/portal\/bs\/novosti\/digitalni-kvalificirani-potpis-uio-koristi-vlada-kantona-sarajevo\/\" \/>\n<meta property=\"og:site_name\" content=\"Uprava za indirektno \/ neizravno oporezivanje BiH\" \/>\n<meta property=\"article:published_time\" content=\"2024-03-28T13:35:22+00:00\" \/>\n<meta property=\"og:image\" content=\"https:\/\/www.uino.gov.ba\/portal\/wp-content\/uploads\/4-SAOPSTENJA\/2024\/28-03-24\/DP-KS-28-03-2024.jpg\" \/>\n\t<meta property=\"og:image:width\" content=\"924\" \/>\n\t<meta property=\"og:image:height\" content=\"590\" \/>\n\t<meta property=\"og:image:type\" content=\"image\/jpeg\" \/>\n<meta name=\"author\" content=\"dzenan.k\" \/>\n<meta name=\"twitter:card\" content=\"summary_large_image\" \/>\n<meta name=\"twitter:label1\" content=\"Written by\" \/>\n\t<meta name=\"twitter:data1\" content=\"dzenan.k\" \/>\n\t<meta name=\"twitter:label2\" content=\"Est. reading time\" \/>\n\t<meta name=\"twitter:data2\" content=\"2 minutes\" \/>\n<script type=\"application\/ld+json\" class=\"yoast-schema-graph\">{\"@context\":\"https:\\\/\\\/schema.org\",\"@graph\":[{\"@type\":\"Article\",\"@id\":\"https:\\\/\\\/www.uino.gov.ba\\\/portal\\\/bs\\\/novosti\\\/digitalni-kvalificirani-potpis-uio-koristi-vlada-kantona-sarajevo\\\/#article\",\"isPartOf\":{\"@id\":\"https:\\\/\\\/www.uino.gov.ba\\\/portal\\\/bs\\\/novosti\\\/digitalni-kvalificirani-potpis-uio-koristi-vlada-kantona-sarajevo\\\/\"},\"author\":{\"name\":\"dzenan.k\",\"@id\":\"https:\\\/\\\/www.uino.gov.ba\\\/portal\\\/#\\\/schema\\\/person\\\/7e08ae05a155bd4e8ef3f99e9e0fc985\"},\"headline\":\"Digitalni kvalificirani potpis UIO koristi Vlada Kantona Sarajevo\",\"datePublished\":\"2024-03-28T13:35:22+00:00\",\"mainEntityOfPage\":{\"@id\":\"https:\\\/\\\/www.uino.gov.ba\\\/portal\\\/bs\\\/novosti\\\/digitalni-kvalificirani-potpis-uio-koristi-vlada-kantona-sarajevo\\\/\"},\"wordCount\":284,\"image\":{\"@id\":\"https:\\\/\\\/www.uino.gov.ba\\\/portal\\\/bs\\\/novosti\\\/digitalni-kvalificirani-potpis-uio-koristi-vlada-kantona-sarajevo\\\/#primaryimage\"},\"thumbnailUrl\":\"https:\\\/\\\/www.uino.gov.ba\\\/portal\\\/wp-content\\\/uploads\\\/4-SAOPSTENJA\\\/2024\\\/28-03-24\\\/DP-KS-28-03-2024.jpg\",\"articleSection\":[\"Novosti\"],\"inLanguage\":\"en-US\"},{\"@type\":\"WebPage\",\"@id\":\"https:\\\/\\\/www.uino.gov.ba\\\/portal\\\/bs\\\/novosti\\\/digitalni-kvalificirani-potpis-uio-koristi-vlada-kantona-sarajevo\\\/\",\"url\":\"https:\\\/\\\/www.uino.gov.ba\\\/portal\\\/bs\\\/novosti\\\/digitalni-kvalificirani-potpis-uio-koristi-vlada-kantona-sarajevo\\\/\",\"name\":\"Digitalni kvalificirani potpis UIO koristi Vlada Kantona Sarajevo - Uprava za indirektno \\\/ neizravno oporezivanje BiH\",\"isPartOf\":{\"@id\":\"https:\\\/\\\/www.uino.gov.ba\\\/portal\\\/#website\"},\"primaryImageOfPage\":{\"@id\":\"https:\\\/\\\/www.uino.gov.ba\\\/portal\\\/bs\\\/novosti\\\/digitalni-kvalificirani-potpis-uio-koristi-vlada-kantona-sarajevo\\\/#primaryimage\"},\"image\":{\"@id\":\"https:\\\/\\\/www.uino.gov.ba\\\/portal\\\/bs\\\/novosti\\\/digitalni-kvalificirani-potpis-uio-koristi-vlada-kantona-sarajevo\\\/#primaryimage\"},\"thumbnailUrl\":\"https:\\\/\\\/www.uino.gov.ba\\\/portal\\\/wp-content\\\/uploads\\\/4-SAOPSTENJA\\\/2024\\\/28-03-24\\\/DP-KS-28-03-2024.jpg\",\"datePublished\":\"2024-03-28T13:35:22+00:00\",\"author\":{\"@id\":\"https:\\\/\\\/www.uino.gov.ba\\\/portal\\\/#\\\/schema\\\/person\\\/7e08ae05a155bd4e8ef3f99e9e0fc985\"},\"breadcrumb\":{\"@id\":\"https:\\\/\\\/www.uino.gov.ba\\\/portal\\\/bs\\\/novosti\\\/digitalni-kvalificirani-potpis-uio-koristi-vlada-kantona-sarajevo\\\/#breadcrumb\"},\"inLanguage\":\"en-US\",\"potentialAction\":[{\"@type\":\"ReadAction\",\"target\":[\"https:\\\/\\\/www.uino.gov.ba\\\/portal\\\/bs\\\/novosti\\\/digitalni-kvalificirani-potpis-uio-koristi-vlada-kantona-sarajevo\\\/\"]}]},{\"@type\":\"ImageObject\",\"inLanguage\":\"en-US\",\"@id\":\"https:\\\/\\\/www.uino.gov.ba\\\/portal\\\/bs\\\/novosti\\\/digitalni-kvalificirani-potpis-uio-koristi-vlada-kantona-sarajevo\\\/#primaryimage\",\"url\":\"https:\\\/\\\/www.uino.gov.ba\\\/portal\\\/wp-content\\\/uploads\\\/4-SAOPSTENJA\\\/2024\\\/28-03-24\\\/DP-KS-28-03-2024.jpg\",\"contentUrl\":\"https:\\\/\\\/www.uino.gov.ba\\\/portal\\\/wp-content\\\/uploads\\\/4-SAOPSTENJA\\\/2024\\\/28-03-24\\\/DP-KS-28-03-2024.jpg\",\"width\":924,\"height\":590},{\"@type\":\"BreadcrumbList\",\"@id\":\"https:\\\/\\\/www.uino.gov.ba\\\/portal\\\/bs\\\/novosti\\\/digitalni-kvalificirani-potpis-uio-koristi-vlada-kantona-sarajevo\\\/#breadcrumb\",\"itemListElement\":[{\"@type\":\"ListItem\",\"position\":1,\"name\":\"\",\"item\":\"https:\\\/\\\/www.uino.gov.ba\\\/portal\\\/bs\\\/\"},{\"@type\":\"ListItem\",\"position\":2,\"name\":\"Novosti\",\"item\":\"https:\\\/\\\/www.uino.gov.ba\\\/portal\\\/bs\\\/novosti\\\/\"},{\"@type\":\"ListItem\",\"position\":3,\"name\":\"Digitalni kvalificirani potpis UIO koristi Vlada Kantona Sarajevo\"}]},{\"@type\":\"WebSite\",\"@id\":\"https:\\\/\\\/www.uino.gov.ba\\\/portal\\\/#website\",\"url\":\"https:\\\/\\\/www.uino.gov.ba\\\/portal\\\/\",\"name\":\"Uprava za indirektno \\\/ neizravno oporezivanje BiH\",\"description\":\"\",\"potentialAction\":[{\"@type\":\"SearchAction\",\"target\":{\"@type\":\"EntryPoint\",\"urlTemplate\":\"https:\\\/\\\/www.uino.gov.ba\\\/portal\\\/?s={search_term_string}\"},\"query-input\":{\"@type\":\"PropertyValueSpecification\",\"valueRequired\":true,\"valueName\":\"search_term_string\"}}],\"inLanguage\":\"en-US\"},{\"@type\":\"Person\",\"@id\":\"https:\\\/\\\/www.uino.gov.ba\\\/portal\\\/#\\\/schema\\\/person\\\/7e08ae05a155bd4e8ef3f99e9e0fc985\",\"name\":\"dzenan.k\",\"image\":{\"@type\":\"ImageObject\",\"inLanguage\":\"en-US\",\"@id\":\"https:\\\/\\\/secure.gravatar.com\\\/avatar\\\/8381504bb29898236f08b86317cd3c6e6c291e88000a4a555fafa7ba6753e872?s=96&d=mm&r=g\",\"url\":\"https:\\\/\\\/secure.gravatar.com\\\/avatar\\\/8381504bb29898236f08b86317cd3c6e6c291e88000a4a555fafa7ba6753e872?s=96&d=mm&r=g\",\"contentUrl\":\"https:\\\/\\\/secure.gravatar.com\\\/avatar\\\/8381504bb29898236f08b86317cd3c6e6c291e88000a4a555fafa7ba6753e872?s=96&d=mm&r=g\",\"caption\":\"dzenan.k\"}}]}<\/script>\n<!-- \/ Yoast SEO plugin. -->","yoast_head_json":{"title":"Digitalni kvalificirani potpis UIO koristi Vlada Kantona Sarajevo - Uprava za indirektno \/ neizravno oporezivanje BiH","robots":{"index":"index","follow":"follow","max-snippet":"max-snippet:-1","max-image-preview":"max-image-preview:large","max-video-preview":"max-video-preview:-1"},"canonical":"https:\/\/www.uino.gov.ba\/portal\/bs\/novosti\/digitalni-kvalificirani-potpis-uio-koristi-vlada-kantona-sarajevo\/","og_locale":"en_US","og_type":"article","og_title":"Digitalni kvalificirani potpis UIO koristi Vlada Kantona Sarajevo - Uprava za indirektno \/ neizravno oporezivanje BiH","og_description":"U okviru procesa digitalizacije javne uprave u Kantonu Sarajevo direktor Uprave za indirektno oporezivanje dr. Zoran Tegeltija, uru\u010dio je danas kvalificirane elektronske potvrde predsjedniku Vlade Kantona Sarajevo i ministrima u vladi. \u201eVlada KS je prva vlada koja je u kompletnom sazivu podnijela zahtjeve za izdavanje digitalnih potpisa, a u toku je nabavka i za sve [&hellip;]","og_url":"https:\/\/www.uino.gov.ba\/portal\/bs\/novosti\/digitalni-kvalificirani-potpis-uio-koristi-vlada-kantona-sarajevo\/","og_site_name":"Uprava za indirektno \/ neizravno oporezivanje BiH","article_published_time":"2024-03-28T13:35:22+00:00","og_image":[{"width":924,"height":590,"url":"https:\/\/www.uino.gov.ba\/portal\/wp-content\/uploads\/4-SAOPSTENJA\/2024\/28-03-24\/DP-KS-28-03-2024.jpg","type":"image\/jpeg"}],"author":"dzenan.k","twitter_card":"summary_large_image","twitter_misc":{"Written by":"dzenan.k","Est. reading time":"2 minutes"},"schema":{"@context":"https:\/\/schema.org","@graph":[{"@type":"Article","@id":"https:\/\/www.uino.gov.ba\/portal\/bs\/novosti\/digitalni-kvalificirani-potpis-uio-koristi-vlada-kantona-sarajevo\/#article","isPartOf":{"@id":"https:\/\/www.uino.gov.ba\/portal\/bs\/novosti\/digitalni-kvalificirani-potpis-uio-koristi-vlada-kantona-sarajevo\/"},"author":{"name":"dzenan.k","@id":"https:\/\/www.uino.gov.ba\/portal\/#\/schema\/person\/7e08ae05a155bd4e8ef3f99e9e0fc985"},"headline":"Digitalni kvalificirani potpis UIO koristi Vlada Kantona Sarajevo","datePublished":"2024-03-28T13:35:22+00:00","mainEntityOfPage":{"@id":"https:\/\/www.uino.gov.ba\/portal\/bs\/novosti\/digitalni-kvalificirani-potpis-uio-koristi-vlada-kantona-sarajevo\/"},"wordCount":284,"image":{"@id":"https:\/\/www.uino.gov.ba\/portal\/bs\/novosti\/digitalni-kvalificirani-potpis-uio-koristi-vlada-kantona-sarajevo\/#primaryimage"},"thumbnailUrl":"https:\/\/www.uino.gov.ba\/portal\/wp-content\/uploads\/4-SAOPSTENJA\/2024\/28-03-24\/DP-KS-28-03-2024.jpg","articleSection":["Novosti"],"inLanguage":"en-US"},{"@type":"WebPage","@id":"https:\/\/www.uino.gov.ba\/portal\/bs\/novosti\/digitalni-kvalificirani-potpis-uio-koristi-vlada-kantona-sarajevo\/","url":"https:\/\/www.uino.gov.ba\/portal\/bs\/novosti\/digitalni-kvalificirani-potpis-uio-koristi-vlada-kantona-sarajevo\/","name":"Digitalni kvalificirani potpis UIO koristi Vlada Kantona Sarajevo - Uprava za indirektno \/ neizravno oporezivanje BiH","isPartOf":{"@id":"https:\/\/www.uino.gov.ba\/portal\/#website"},"primaryImageOfPage":{"@id":"https:\/\/www.uino.gov.ba\/portal\/bs\/novosti\/digitalni-kvalificirani-potpis-uio-koristi-vlada-kantona-sarajevo\/#primaryimage"},"image":{"@id":"https:\/\/www.uino.gov.ba\/portal\/bs\/novosti\/digitalni-kvalificirani-potpis-uio-koristi-vlada-kantona-sarajevo\/#primaryimage"},"thumbnailUrl":"https:\/\/www.uino.gov.ba\/portal\/wp-content\/uploads\/4-SAOPSTENJA\/2024\/28-03-24\/DP-KS-28-03-2024.jpg","datePublished":"2024-03-28T13:35:22+00:00","author":{"@id":"https:\/\/www.uino.gov.ba\/portal\/#\/schema\/person\/7e08ae05a155bd4e8ef3f99e9e0fc985"},"breadcrumb":{"@id":"https:\/\/www.uino.gov.ba\/portal\/bs\/novosti\/digitalni-kvalificirani-potpis-uio-koristi-vlada-kantona-sarajevo\/#breadcrumb"},"inLanguage":"en-US","potentialAction":[{"@type":"ReadAction","target":["https:\/\/www.uino.gov.ba\/portal\/bs\/novosti\/digitalni-kvalificirani-potpis-uio-koristi-vlada-kantona-sarajevo\/"]}]},{"@type":"ImageObject","inLanguage":"en-US","@id":"https:\/\/www.uino.gov.ba\/portal\/bs\/novosti\/digitalni-kvalificirani-potpis-uio-koristi-vlada-kantona-sarajevo\/#primaryimage","url":"https:\/\/www.uino.gov.ba\/portal\/wp-content\/uploads\/4-SAOPSTENJA\/2024\/28-03-24\/DP-KS-28-03-2024.jpg","contentUrl":"https:\/\/www.uino.gov.ba\/portal\/wp-content\/uploads\/4-SAOPSTENJA\/2024\/28-03-24\/DP-KS-28-03-2024.jpg","width":924,"height":590},{"@type":"BreadcrumbList","@id":"https:\/\/www.uino.gov.ba\/portal\/bs\/novosti\/digitalni-kvalificirani-potpis-uio-koristi-vlada-kantona-sarajevo\/#breadcrumb","itemListElement":[{"@type":"ListItem","position":1,"name":"","item":"https:\/\/www.uino.gov.ba\/portal\/bs\/"},{"@type":"ListItem","position":2,"name":"Novosti","item":"https:\/\/www.uino.gov.ba\/portal\/bs\/novosti\/"},{"@type":"ListItem","position":3,"name":"Digitalni kvalificirani potpis UIO koristi Vlada Kantona Sarajevo"}]},{"@type":"WebSite","@id":"https:\/\/www.uino.gov.ba\/portal\/#website","url":"https:\/\/www.uino.gov.ba\/portal\/","name":"Uprava za indirektno \/ neizravno oporezivanje BiH","description":"","potentialAction":[{"@type":"SearchAction","target":{"@type":"EntryPoint","urlTemplate":"https:\/\/www.uino.gov.ba\/portal\/?s={search_term_string}"},"query-input":{"@type":"PropertyValueSpecification","valueRequired":true,"valueName":"search_term_string"}}],"inLanguage":"en-US"},{"@type":"Person","@id":"https:\/\/www.uino.gov.ba\/portal\/#\/schema\/person\/7e08ae05a155bd4e8ef3f99e9e0fc985","name":"dzenan.k","image":{"@type":"ImageObject","inLanguage":"en-US","@id":"https:\/\/secure.gravatar.com\/avatar\/8381504bb29898236f08b86317cd3c6e6c291e88000a4a555fafa7ba6753e872?s=96&d=mm&r=g","url":"https:\/\/secure.gravatar.com\/avatar\/8381504bb29898236f08b86317cd3c6e6c291e88000a4a555fafa7ba6753e872?s=96&d=mm&r=g","contentUrl":"https:\/\/secure.gravatar.com\/avatar\/8381504bb29898236f08b86317cd3c6e6c291e88000a4a555fafa7ba6753e872?s=96&d=mm&r=g","caption":"dzenan.k"}}]}},"publishpress_future_action":{"enabled":false,"date":"2026-05-09 08:30:34","action":"change-status","newStatus":"draft","terms":[],"taxonomy":"category","extraData":[]},"publishpress_future_workflow_manual_trigger":{"enabledWorkflows":[]},"_links":{"self":[{"href":"https:\/\/www.uino.gov.ba\/portal\/wp-json\/wp\/v2\/posts\/41626","targetHints":{"allow":["GET"]}}],"collection":[{"href":"https:\/\/www.uino.gov.ba\/portal\/wp-json\/wp\/v2\/posts"}],"about":[{"href":"https:\/\/www.uino.gov.ba\/portal\/wp-json\/wp\/v2\/types\/post"}],"author":[{"embeddable":true,"href":"https:\/\/www.uino.gov.ba\/portal\/wp-json\/wp\/v2\/users\/2"}],"replies":[{"embeddable":true,"href":"https:\/\/www.uino.gov.ba\/portal\/wp-json\/wp\/v2\/comments?post=41626"}],"version-history":[{"count":1,"href":"https:\/\/www.uino.gov.ba\/portal\/wp-json\/wp\/v2\/posts\/41626\/revisions"}],"predecessor-version":[{"id":41627,"href":"https:\/\/www.uino.gov.ba\/portal\/wp-json\/wp\/v2\/posts\/41626\/revisions\/41627"}],"wp:featuredmedia":[{"embeddable":true,"href":"https:\/\/www.uino.gov.ba\/portal\/wp-json\/wp\/v2\/media\/41625"}],"wp:attachment":[{"href":"https:\/\/www.uino.gov.ba\/portal\/wp-json\/wp\/v2\/media?parent=41626"}],"wp:term":[{"taxonomy":"category","embeddable":true,"href":"https:\/\/www.uino.gov.ba\/portal\/wp-json\/wp\/v2\/categories?post=41626"},{"taxonomy":"post_tag","embeddable":true,"href":"https:\/\/www.uino.gov.ba\/portal\/wp-json\/wp\/v2\/tags?post=41626"}],"curies":[{"name":"wp","href":"https:\/\/api.w.org\/{rel}","templated":true}]}}