{"id":37550,"date":"2023-10-13T13:20:46","date_gmt":"2023-10-13T11:20:46","guid":{"rendered":"https:\/\/www.uino.gov.ba\/portal\/?p=37550"},"modified":"2023-10-17T12:50:33","modified_gmt":"2023-10-17T10:50:33","slug":"amidzic-and-tegeltija-on-the-priorities-of-the-ita-new-professional-staff-and-better-technical-equipment-of-the-ita","status":"publish","type":"post","link":"https:\/\/www.uino.gov.ba\/portal\/en\/news\/amidzic-and-tegeltija-on-the-priorities-of-the-ita-new-professional-staff-and-better-technical-equipment-of-the-ita\/","title":{"rendered":"Amid\u017ei\u0107 and Tegeltija on the priorities of the ITA: New professional staff and better technical equipment of the ITA"},"content":{"rendered":"<p style=\"text-align: justify;\">The Minister of Finance and Treasury of Bosnia and Herzegovina, Mr. Sr\u0111an Amid\u017ei\u0107 and the Indirect Taxation Authority (ITA) General director Mr. Zoran Tegeltija, discussed the functioning of the Authority and future planned activities, today in Banja Luka (13.10.2023).<\/p>\n<p style=\"text-align: justify;\">During the meeting, the significance of the ITA work, was highlighted, which as of 13.09.2023 collected a record BAM 8 billion and 405 million in indirect taxes, which is BAM 533 million more compared to the same period in 2022.<\/p>\n<p style=\"text-align: justify;\">The ITA Director, Mr. Zoran Tegeltija informed Minister Amid\u017ei\u0107 about all the most important business processes performed by the ITA, as well as about current problems, especially when it comes to the personnel structure and insufficient number of employees, as well as insufficient technical equipment. They also discussed about activities planned in the upcoming period that should contribute to improving the work of the ITA and achieving even better relations with the business community and citizens in Bosnia and Herzegovina.<\/p>\n<p style=\"text-align: justify;\">The Minister of Finance and Treasury of B&amp;H Mr. Sr\u0111an Amid\u017ei\u0107 gave full support to all the activities of the Indirect Taxation Authority and promised the help of the relevant Ministry of Finance, especially when it comes to the recruitment of new officials, young people and professionals, and the technical equipment of the ITA.<\/p>\n","protected":false},"excerpt":{"rendered":"<p>The Minister of Finance and Treasury of Bosnia and Herzegovina, Mr. Sr\u0111an Amid\u017ei\u0107 and the Indirect Taxation Authority (ITA) General director Mr. Zoran Tegeltija, discussed the functioning of the Authority and future planned activities, today in Banja Luka (13.10.2023). During the meeting, the significance of the ITA work, was highlighted, which as of 13.09.2023 collected [&hellip;]<\/p>\n","protected":false},"author":2,"featured_media":37481,"comment_status":"closed","ping_status":"closed","sticky":false,"template":"","format":"standard","meta":{"_acf_changed":false,"_et_pb_use_builder":"","_et_pb_old_content":"","_et_gb_content_width":"","footnotes":""},"categories":[120],"tags":[],"class_list":["post-37550","post","type-post","status-publish","format-standard","has-post-thumbnail","hentry","category-news"],"acf":[],"yoast_head":"<!-- This site is optimized with the Yoast SEO plugin v27.5 - https:\/\/yoast.com\/product\/yoast-seo-wordpress\/ -->\n<title>Amid\u017ei\u0107 and Tegeltija on the priorities of the ITA: New professional staff and better technical equipment of the ITA - Uprava za indirektno \/ neizravno oporezivanje BiH<\/title>\n<meta name=\"robots\" content=\"index, follow, max-snippet:-1, max-image-preview:large, max-video-preview:-1\" \/>\n<link rel=\"canonical\" href=\"https:\/\/www.uino.gov.ba\/portal\/en\/news\/amidzic-and-tegeltija-on-the-priorities-of-the-ita-new-professional-staff-and-better-technical-equipment-of-the-ita\/\" \/>\n<meta property=\"og:locale\" content=\"en_US\" \/>\n<meta property=\"og:type\" content=\"article\" \/>\n<meta property=\"og:title\" content=\"Amid\u017ei\u0107 and Tegeltija on the priorities of the ITA: New professional staff and better technical equipment of the ITA - Uprava za indirektno \/ neizravno oporezivanje BiH\" \/>\n<meta property=\"og:description\" content=\"The Minister of Finance and Treasury of Bosnia and Herzegovina, Mr. Sr\u0111an Amid\u017ei\u0107 and the Indirect Taxation Authority (ITA) General director Mr. Zoran Tegeltija, discussed the functioning of the Authority and future planned activities, today in Banja Luka (13.10.2023). During the meeting, the significance of the ITA work, was highlighted, which as of 13.09.2023 collected [&hellip;]\" \/>\n<meta property=\"og:url\" content=\"https:\/\/www.uino.gov.ba\/portal\/en\/news\/amidzic-and-tegeltija-on-the-priorities-of-the-ita-new-professional-staff-and-better-technical-equipment-of-the-ita\/\" \/>\n<meta property=\"og:site_name\" content=\"Uprava za indirektno \/ neizravno oporezivanje BiH\" \/>\n<meta property=\"article:published_time\" content=\"2023-10-13T11:20:46+00:00\" \/>\n<meta property=\"article:modified_time\" content=\"2023-10-17T10:50:33+00:00\" \/>\n<meta property=\"og:image\" content=\"https:\/\/www.uino.gov.ba\/portal\/wp-content\/uploads\/4-SAOPSTENJA\/2023\/13-10-23\/Sastanak-direktora-UINO-i-ministra-finansija.jpg\" \/>\n\t<meta property=\"og:image:width\" content=\"2016\" \/>\n\t<meta property=\"og:image:height\" content=\"1512\" \/>\n\t<meta property=\"og:image:type\" content=\"image\/jpeg\" \/>\n<meta name=\"author\" content=\"dzenan.k\" \/>\n<meta name=\"twitter:card\" content=\"summary_large_image\" \/>\n<meta name=\"twitter:label1\" content=\"Written by\" \/>\n\t<meta name=\"twitter:data1\" content=\"dzenan.k\" \/>\n\t<meta name=\"twitter:label2\" content=\"Est. reading time\" \/>\n\t<meta name=\"twitter:data2\" content=\"1 minute\" \/>\n<script type=\"application\/ld+json\" class=\"yoast-schema-graph\">{\"@context\":\"https:\\\/\\\/schema.org\",\"@graph\":[{\"@type\":\"Article\",\"@id\":\"https:\\\/\\\/www.uino.gov.ba\\\/portal\\\/en\\\/news\\\/amidzic-and-tegeltija-on-the-priorities-of-the-ita-new-professional-staff-and-better-technical-equipment-of-the-ita\\\/#article\",\"isPartOf\":{\"@id\":\"https:\\\/\\\/www.uino.gov.ba\\\/portal\\\/en\\\/news\\\/amidzic-and-tegeltija-on-the-priorities-of-the-ita-new-professional-staff-and-better-technical-equipment-of-the-ita\\\/\"},\"author\":{\"name\":\"dzenan.k\",\"@id\":\"https:\\\/\\\/www.uino.gov.ba\\\/portal\\\/#\\\/schema\\\/person\\\/7e08ae05a155bd4e8ef3f99e9e0fc985\"},\"headline\":\"Amid\u017ei\u0107 and Tegeltija on the priorities of the ITA: New professional staff and better technical equipment of the ITA\",\"datePublished\":\"2023-10-13T11:20:46+00:00\",\"dateModified\":\"2023-10-17T10:50:33+00:00\",\"mainEntityOfPage\":{\"@id\":\"https:\\\/\\\/www.uino.gov.ba\\\/portal\\\/en\\\/news\\\/amidzic-and-tegeltija-on-the-priorities-of-the-ita-new-professional-staff-and-better-technical-equipment-of-the-ita\\\/\"},\"wordCount\":234,\"image\":{\"@id\":\"https:\\\/\\\/www.uino.gov.ba\\\/portal\\\/en\\\/news\\\/amidzic-and-tegeltija-on-the-priorities-of-the-ita-new-professional-staff-and-better-technical-equipment-of-the-ita\\\/#primaryimage\"},\"thumbnailUrl\":\"https:\\\/\\\/www.uino.gov.ba\\\/portal\\\/wp-content\\\/uploads\\\/4-SAOPSTENJA\\\/2023\\\/13-10-23\\\/Sastanak-direktora-UINO-i-ministra-finansija.jpg\",\"articleSection\":[\"News\"],\"inLanguage\":\"en-US\"},{\"@type\":\"WebPage\",\"@id\":\"https:\\\/\\\/www.uino.gov.ba\\\/portal\\\/en\\\/news\\\/amidzic-and-tegeltija-on-the-priorities-of-the-ita-new-professional-staff-and-better-technical-equipment-of-the-ita\\\/\",\"url\":\"https:\\\/\\\/www.uino.gov.ba\\\/portal\\\/en\\\/news\\\/amidzic-and-tegeltija-on-the-priorities-of-the-ita-new-professional-staff-and-better-technical-equipment-of-the-ita\\\/\",\"name\":\"Amid\u017ei\u0107 and Tegeltija on the priorities of the ITA: New professional staff and better technical equipment of the ITA - Uprava za indirektno \\\/ neizravno oporezivanje BiH\",\"isPartOf\":{\"@id\":\"https:\\\/\\\/www.uino.gov.ba\\\/portal\\\/#website\"},\"primaryImageOfPage\":{\"@id\":\"https:\\\/\\\/www.uino.gov.ba\\\/portal\\\/en\\\/news\\\/amidzic-and-tegeltija-on-the-priorities-of-the-ita-new-professional-staff-and-better-technical-equipment-of-the-ita\\\/#primaryimage\"},\"image\":{\"@id\":\"https:\\\/\\\/www.uino.gov.ba\\\/portal\\\/en\\\/news\\\/amidzic-and-tegeltija-on-the-priorities-of-the-ita-new-professional-staff-and-better-technical-equipment-of-the-ita\\\/#primaryimage\"},\"thumbnailUrl\":\"https:\\\/\\\/www.uino.gov.ba\\\/portal\\\/wp-content\\\/uploads\\\/4-SAOPSTENJA\\\/2023\\\/13-10-23\\\/Sastanak-direktora-UINO-i-ministra-finansija.jpg\",\"datePublished\":\"2023-10-13T11:20:46+00:00\",\"dateModified\":\"2023-10-17T10:50:33+00:00\",\"author\":{\"@id\":\"https:\\\/\\\/www.uino.gov.ba\\\/portal\\\/#\\\/schema\\\/person\\\/7e08ae05a155bd4e8ef3f99e9e0fc985\"},\"breadcrumb\":{\"@id\":\"https:\\\/\\\/www.uino.gov.ba\\\/portal\\\/en\\\/news\\\/amidzic-and-tegeltija-on-the-priorities-of-the-ita-new-professional-staff-and-better-technical-equipment-of-the-ita\\\/#breadcrumb\"},\"inLanguage\":\"en-US\",\"potentialAction\":[{\"@type\":\"ReadAction\",\"target\":[\"https:\\\/\\\/www.uino.gov.ba\\\/portal\\\/en\\\/news\\\/amidzic-and-tegeltija-on-the-priorities-of-the-ita-new-professional-staff-and-better-technical-equipment-of-the-ita\\\/\"]}]},{\"@type\":\"ImageObject\",\"inLanguage\":\"en-US\",\"@id\":\"https:\\\/\\\/www.uino.gov.ba\\\/portal\\\/en\\\/news\\\/amidzic-and-tegeltija-on-the-priorities-of-the-ita-new-professional-staff-and-better-technical-equipment-of-the-ita\\\/#primaryimage\",\"url\":\"https:\\\/\\\/www.uino.gov.ba\\\/portal\\\/wp-content\\\/uploads\\\/4-SAOPSTENJA\\\/2023\\\/13-10-23\\\/Sastanak-direktora-UINO-i-ministra-finansija.jpg\",\"contentUrl\":\"https:\\\/\\\/www.uino.gov.ba\\\/portal\\\/wp-content\\\/uploads\\\/4-SAOPSTENJA\\\/2023\\\/13-10-23\\\/Sastanak-direktora-UINO-i-ministra-finansija.jpg\",\"width\":2016,\"height\":1512},{\"@type\":\"BreadcrumbList\",\"@id\":\"https:\\\/\\\/www.uino.gov.ba\\\/portal\\\/en\\\/news\\\/amidzic-and-tegeltija-on-the-priorities-of-the-ita-new-professional-staff-and-better-technical-equipment-of-the-ita\\\/#breadcrumb\",\"itemListElement\":[{\"@type\":\"ListItem\",\"position\":1,\"name\":\"\",\"item\":\"https:\\\/\\\/www.uino.gov.ba\\\/portal\\\/bs\\\/\"},{\"@type\":\"ListItem\",\"position\":2,\"name\":\"News\",\"item\":\"https:\\\/\\\/www.uino.gov.ba\\\/portal\\\/en\\\/news\\\/\"},{\"@type\":\"ListItem\",\"position\":3,\"name\":\"Amid\u017ei\u0107 and Tegeltija on the priorities of the ITA: New professional staff and better technical equipment of the ITA\"}]},{\"@type\":\"WebSite\",\"@id\":\"https:\\\/\\\/www.uino.gov.ba\\\/portal\\\/#website\",\"url\":\"https:\\\/\\\/www.uino.gov.ba\\\/portal\\\/\",\"name\":\"Uprava za indirektno \\\/ neizravno oporezivanje BiH\",\"description\":\"\",\"potentialAction\":[{\"@type\":\"SearchAction\",\"target\":{\"@type\":\"EntryPoint\",\"urlTemplate\":\"https:\\\/\\\/www.uino.gov.ba\\\/portal\\\/?s={search_term_string}\"},\"query-input\":{\"@type\":\"PropertyValueSpecification\",\"valueRequired\":true,\"valueName\":\"search_term_string\"}}],\"inLanguage\":\"en-US\"},{\"@type\":\"Person\",\"@id\":\"https:\\\/\\\/www.uino.gov.ba\\\/portal\\\/#\\\/schema\\\/person\\\/7e08ae05a155bd4e8ef3f99e9e0fc985\",\"name\":\"dzenan.k\",\"image\":{\"@type\":\"ImageObject\",\"inLanguage\":\"en-US\",\"@id\":\"https:\\\/\\\/secure.gravatar.com\\\/avatar\\\/8381504bb29898236f08b86317cd3c6e6c291e88000a4a555fafa7ba6753e872?s=96&d=mm&r=g\",\"url\":\"https:\\\/\\\/secure.gravatar.com\\\/avatar\\\/8381504bb29898236f08b86317cd3c6e6c291e88000a4a555fafa7ba6753e872?s=96&d=mm&r=g\",\"contentUrl\":\"https:\\\/\\\/secure.gravatar.com\\\/avatar\\\/8381504bb29898236f08b86317cd3c6e6c291e88000a4a555fafa7ba6753e872?s=96&d=mm&r=g\",\"caption\":\"dzenan.k\"}}]}<\/script>\n<!-- \/ Yoast SEO plugin. -->","yoast_head_json":{"title":"Amid\u017ei\u0107 and Tegeltija on the priorities of the ITA: New professional staff and better technical equipment of the ITA - Uprava za indirektno \/ neizravno oporezivanje BiH","robots":{"index":"index","follow":"follow","max-snippet":"max-snippet:-1","max-image-preview":"max-image-preview:large","max-video-preview":"max-video-preview:-1"},"canonical":"https:\/\/www.uino.gov.ba\/portal\/en\/news\/amidzic-and-tegeltija-on-the-priorities-of-the-ita-new-professional-staff-and-better-technical-equipment-of-the-ita\/","og_locale":"en_US","og_type":"article","og_title":"Amid\u017ei\u0107 and Tegeltija on the priorities of the ITA: New professional staff and better technical equipment of the ITA - Uprava za indirektno \/ neizravno oporezivanje BiH","og_description":"The Minister of Finance and Treasury of Bosnia and Herzegovina, Mr. Sr\u0111an Amid\u017ei\u0107 and the Indirect Taxation Authority (ITA) General director Mr. Zoran Tegeltija, discussed the functioning of the Authority and future planned activities, today in Banja Luka (13.10.2023). During the meeting, the significance of the ITA work, was highlighted, which as of 13.09.2023 collected [&hellip;]","og_url":"https:\/\/www.uino.gov.ba\/portal\/en\/news\/amidzic-and-tegeltija-on-the-priorities-of-the-ita-new-professional-staff-and-better-technical-equipment-of-the-ita\/","og_site_name":"Uprava za indirektno \/ neizravno oporezivanje BiH","article_published_time":"2023-10-13T11:20:46+00:00","article_modified_time":"2023-10-17T10:50:33+00:00","og_image":[{"width":2016,"height":1512,"url":"https:\/\/www.uino.gov.ba\/portal\/wp-content\/uploads\/4-SAOPSTENJA\/2023\/13-10-23\/Sastanak-direktora-UINO-i-ministra-finansija.jpg","type":"image\/jpeg"}],"author":"dzenan.k","twitter_card":"summary_large_image","twitter_misc":{"Written by":"dzenan.k","Est. reading time":"1 minute"},"schema":{"@context":"https:\/\/schema.org","@graph":[{"@type":"Article","@id":"https:\/\/www.uino.gov.ba\/portal\/en\/news\/amidzic-and-tegeltija-on-the-priorities-of-the-ita-new-professional-staff-and-better-technical-equipment-of-the-ita\/#article","isPartOf":{"@id":"https:\/\/www.uino.gov.ba\/portal\/en\/news\/amidzic-and-tegeltija-on-the-priorities-of-the-ita-new-professional-staff-and-better-technical-equipment-of-the-ita\/"},"author":{"name":"dzenan.k","@id":"https:\/\/www.uino.gov.ba\/portal\/#\/schema\/person\/7e08ae05a155bd4e8ef3f99e9e0fc985"},"headline":"Amid\u017ei\u0107 and Tegeltija on the priorities of the ITA: New professional staff and better technical equipment of the ITA","datePublished":"2023-10-13T11:20:46+00:00","dateModified":"2023-10-17T10:50:33+00:00","mainEntityOfPage":{"@id":"https:\/\/www.uino.gov.ba\/portal\/en\/news\/amidzic-and-tegeltija-on-the-priorities-of-the-ita-new-professional-staff-and-better-technical-equipment-of-the-ita\/"},"wordCount":234,"image":{"@id":"https:\/\/www.uino.gov.ba\/portal\/en\/news\/amidzic-and-tegeltija-on-the-priorities-of-the-ita-new-professional-staff-and-better-technical-equipment-of-the-ita\/#primaryimage"},"thumbnailUrl":"https:\/\/www.uino.gov.ba\/portal\/wp-content\/uploads\/4-SAOPSTENJA\/2023\/13-10-23\/Sastanak-direktora-UINO-i-ministra-finansija.jpg","articleSection":["News"],"inLanguage":"en-US"},{"@type":"WebPage","@id":"https:\/\/www.uino.gov.ba\/portal\/en\/news\/amidzic-and-tegeltija-on-the-priorities-of-the-ita-new-professional-staff-and-better-technical-equipment-of-the-ita\/","url":"https:\/\/www.uino.gov.ba\/portal\/en\/news\/amidzic-and-tegeltija-on-the-priorities-of-the-ita-new-professional-staff-and-better-technical-equipment-of-the-ita\/","name":"Amid\u017ei\u0107 and Tegeltija on the priorities of the ITA: New professional staff and better technical equipment of the ITA - Uprava za indirektno \/ neizravno oporezivanje BiH","isPartOf":{"@id":"https:\/\/www.uino.gov.ba\/portal\/#website"},"primaryImageOfPage":{"@id":"https:\/\/www.uino.gov.ba\/portal\/en\/news\/amidzic-and-tegeltija-on-the-priorities-of-the-ita-new-professional-staff-and-better-technical-equipment-of-the-ita\/#primaryimage"},"image":{"@id":"https:\/\/www.uino.gov.ba\/portal\/en\/news\/amidzic-and-tegeltija-on-the-priorities-of-the-ita-new-professional-staff-and-better-technical-equipment-of-the-ita\/#primaryimage"},"thumbnailUrl":"https:\/\/www.uino.gov.ba\/portal\/wp-content\/uploads\/4-SAOPSTENJA\/2023\/13-10-23\/Sastanak-direktora-UINO-i-ministra-finansija.jpg","datePublished":"2023-10-13T11:20:46+00:00","dateModified":"2023-10-17T10:50:33+00:00","author":{"@id":"https:\/\/www.uino.gov.ba\/portal\/#\/schema\/person\/7e08ae05a155bd4e8ef3f99e9e0fc985"},"breadcrumb":{"@id":"https:\/\/www.uino.gov.ba\/portal\/en\/news\/amidzic-and-tegeltija-on-the-priorities-of-the-ita-new-professional-staff-and-better-technical-equipment-of-the-ita\/#breadcrumb"},"inLanguage":"en-US","potentialAction":[{"@type":"ReadAction","target":["https:\/\/www.uino.gov.ba\/portal\/en\/news\/amidzic-and-tegeltija-on-the-priorities-of-the-ita-new-professional-staff-and-better-technical-equipment-of-the-ita\/"]}]},{"@type":"ImageObject","inLanguage":"en-US","@id":"https:\/\/www.uino.gov.ba\/portal\/en\/news\/amidzic-and-tegeltija-on-the-priorities-of-the-ita-new-professional-staff-and-better-technical-equipment-of-the-ita\/#primaryimage","url":"https:\/\/www.uino.gov.ba\/portal\/wp-content\/uploads\/4-SAOPSTENJA\/2023\/13-10-23\/Sastanak-direktora-UINO-i-ministra-finansija.jpg","contentUrl":"https:\/\/www.uino.gov.ba\/portal\/wp-content\/uploads\/4-SAOPSTENJA\/2023\/13-10-23\/Sastanak-direktora-UINO-i-ministra-finansija.jpg","width":2016,"height":1512},{"@type":"BreadcrumbList","@id":"https:\/\/www.uino.gov.ba\/portal\/en\/news\/amidzic-and-tegeltija-on-the-priorities-of-the-ita-new-professional-staff-and-better-technical-equipment-of-the-ita\/#breadcrumb","itemListElement":[{"@type":"ListItem","position":1,"name":"","item":"https:\/\/www.uino.gov.ba\/portal\/bs\/"},{"@type":"ListItem","position":2,"name":"News","item":"https:\/\/www.uino.gov.ba\/portal\/en\/news\/"},{"@type":"ListItem","position":3,"name":"Amid\u017ei\u0107 and Tegeltija on the priorities of the ITA: New professional staff and better technical equipment of the ITA"}]},{"@type":"WebSite","@id":"https:\/\/www.uino.gov.ba\/portal\/#website","url":"https:\/\/www.uino.gov.ba\/portal\/","name":"Uprava za indirektno \/ neizravno oporezivanje BiH","description":"","potentialAction":[{"@type":"SearchAction","target":{"@type":"EntryPoint","urlTemplate":"https:\/\/www.uino.gov.ba\/portal\/?s={search_term_string}"},"query-input":{"@type":"PropertyValueSpecification","valueRequired":true,"valueName":"search_term_string"}}],"inLanguage":"en-US"},{"@type":"Person","@id":"https:\/\/www.uino.gov.ba\/portal\/#\/schema\/person\/7e08ae05a155bd4e8ef3f99e9e0fc985","name":"dzenan.k","image":{"@type":"ImageObject","inLanguage":"en-US","@id":"https:\/\/secure.gravatar.com\/avatar\/8381504bb29898236f08b86317cd3c6e6c291e88000a4a555fafa7ba6753e872?s=96&d=mm&r=g","url":"https:\/\/secure.gravatar.com\/avatar\/8381504bb29898236f08b86317cd3c6e6c291e88000a4a555fafa7ba6753e872?s=96&d=mm&r=g","contentUrl":"https:\/\/secure.gravatar.com\/avatar\/8381504bb29898236f08b86317cd3c6e6c291e88000a4a555fafa7ba6753e872?s=96&d=mm&r=g","caption":"dzenan.k"}}]}},"publishpress_future_action":{"enabled":false,"date":"2026-05-06 17:49:01","action":"change-status","newStatus":"draft","terms":[],"taxonomy":"category","extraData":[]},"publishpress_future_workflow_manual_trigger":{"enabledWorkflows":[]},"_links":{"self":[{"href":"https:\/\/www.uino.gov.ba\/portal\/wp-json\/wp\/v2\/posts\/37550","targetHints":{"allow":["GET"]}}],"collection":[{"href":"https:\/\/www.uino.gov.ba\/portal\/wp-json\/wp\/v2\/posts"}],"about":[{"href":"https:\/\/www.uino.gov.ba\/portal\/wp-json\/wp\/v2\/types\/post"}],"author":[{"embeddable":true,"href":"https:\/\/www.uino.gov.ba\/portal\/wp-json\/wp\/v2\/users\/2"}],"replies":[{"embeddable":true,"href":"https:\/\/www.uino.gov.ba\/portal\/wp-json\/wp\/v2\/comments?post=37550"}],"version-history":[{"count":1,"href":"https:\/\/www.uino.gov.ba\/portal\/wp-json\/wp\/v2\/posts\/37550\/revisions"}],"predecessor-version":[{"id":37551,"href":"https:\/\/www.uino.gov.ba\/portal\/wp-json\/wp\/v2\/posts\/37550\/revisions\/37551"}],"wp:featuredmedia":[{"embeddable":true,"href":"https:\/\/www.uino.gov.ba\/portal\/wp-json\/wp\/v2\/media\/37481"}],"wp:attachment":[{"href":"https:\/\/www.uino.gov.ba\/portal\/wp-json\/wp\/v2\/media?parent=37550"}],"wp:term":[{"taxonomy":"category","embeddable":true,"href":"https:\/\/www.uino.gov.ba\/portal\/wp-json\/wp\/v2\/categories?post=37550"},{"taxonomy":"post_tag","embeddable":true,"href":"https:\/\/www.uino.gov.ba\/portal\/wp-json\/wp\/v2\/tags?post=37550"}],"curies":[{"name":"wp","href":"https:\/\/api.w.org\/{rel}","templated":true}]}}