{"id":37511,"date":"2023-10-13T16:13:29","date_gmt":"2023-10-13T14:13:29","guid":{"rendered":"https:\/\/www.uino.gov.ba\/portal\/?p=37511"},"modified":"2023-10-13T16:13:29","modified_gmt":"2023-10-13T14:13:29","slug":"tegeltija-s-predstavnicima-izaslanstva-eu-u-bih","status":"publish","type":"post","link":"https:\/\/www.uino.gov.ba\/portal\/hr\/novosti-hr\/tegeltija-s-predstavnicima-izaslanstva-eu-u-bih\/","title":{"rendered":"Tegeltija s predstavnicima Izaslanstva EU u BiH"},"content":{"rendered":"<p style=\"text-align: justify;\">Ravnatelj Uprave za neizravno oporezivanje (UNO), dr. Zoran Tegeltija sastao se danas sa predstavnicima Izaslanstva Europske unije u BiH u \u010dijem sastavu su bili Stefano Ellero, \u0161ef kooperacija u Izaslanstvu EU u BiH, Antonella Di Sandri, \u0160ef sekcije operacija 2 (ekonomija) u BiH i Sanja Spai\u0107 Kurtovi\u0107, program menad\u017eer u Izaslanstvu EU u BiH.<\/p>\n<p style=\"text-align: justify;\">Na sastanku se razgovaralo o teku\u0107im i budu\u0107im projektima koje financira Izaslanstvo EU u BiH putem IPA fondova. Posebna pozornost posve\u0107ena je po\u010detku implementacije projekta IPA 2020, u kome je predvi\u0111eno da EU financira u Upravi za neizravno oporezivanje \u201eBI\/Business Intelligence\u201c softver i dio hardvera. Vrijednost ovoga projekta je 1,25 milijuna eura. Pored toga na sastanku se razgovaralo i o upravo zapo\u010detom novom twinning projektu u UNO koji se odnosi na \u201eJa\u010danje kapaciteta UNO\u201c u smislu unaprje\u0111enja analize rizika i pobolj\u0161anja zakonskih i podzakonskih rje\u0161enja iz oblasti carina i PDV-a, te unaprje\u0111enje kapaciteta u carinskoj slu\u017ebi u globalnoj borbi sprje\u010davanja pranja novca. Ukupna vrijednost ovoga projekta iznosi 1 milijun eura.<\/p>\n<p style=\"text-align: justify;\">Podsje\u0107amo, do sada je EU kroz IPA fondove financirala vi\u0161e projekata u UNO \u00a0\u010dija se vrijednost procjenjuje na vi\u0161e od 40 milijuna eura (razvoj softvera, nabava hardvera, laboratorijske opreme, izgradnja grani\u010dnih prijelaza, tehni\u010dke pomo\u0107i i twinning projekti).<\/p>\n<p style=\"text-align: center;\"><img loading=\"lazy\" decoding=\"async\" class=\"alignnone size-medium wp-image-37507\" src=\"https:\/\/www.uino.gov.ba\/portal\/wp-content\/uploads\/4-SAOPSTENJA\/2023\/13-10-23\/image4-300x225.jpeg\" alt=\"\" width=\"300\" height=\"225\" \/> <img loading=\"lazy\" decoding=\"async\" class=\"alignnone size-medium wp-image-37505\" src=\"https:\/\/www.uino.gov.ba\/portal\/wp-content\/uploads\/4-SAOPSTENJA\/2023\/13-10-23\/image5-300x225.jpeg\" alt=\"\" width=\"300\" height=\"225\" \/><\/p>\n","protected":false},"excerpt":{"rendered":"<p>Ravnatelj Uprave za neizravno oporezivanje (UNO), dr. Zoran Tegeltija sastao se danas sa predstavnicima Izaslanstva Europske unije u BiH u \u010dijem sastavu su bili Stefano Ellero, \u0161ef kooperacija u Izaslanstvu EU u BiH, Antonella Di Sandri, \u0160ef sekcije operacija 2 (ekonomija) u BiH i Sanja Spai\u0107 Kurtovi\u0107, program menad\u017eer u Izaslanstvu EU u BiH. Na [&hellip;]<\/p>\n","protected":false},"author":2,"featured_media":37506,"comment_status":"closed","ping_status":"closed","sticky":false,"template":"","format":"standard","meta":{"_acf_changed":false,"_et_pb_use_builder":"","_et_pb_old_content":"","_et_gb_content_width":"","footnotes":""},"categories":[118],"tags":[],"class_list":["post-37511","post","type-post","status-publish","format-standard","has-post-thumbnail","hentry","category-novosti-hr"],"acf":[],"yoast_head":"<!-- This site is optimized with the Yoast SEO plugin v27.5 - https:\/\/yoast.com\/product\/yoast-seo-wordpress\/ -->\n<title>Tegeltija s predstavnicima Izaslanstva EU u BiH - Uprava za indirektno \/ neizravno oporezivanje BiH<\/title>\n<meta name=\"robots\" content=\"index, follow, max-snippet:-1, max-image-preview:large, max-video-preview:-1\" \/>\n<link rel=\"canonical\" href=\"https:\/\/www.uino.gov.ba\/portal\/hr\/novosti-hr\/tegeltija-s-predstavnicima-izaslanstva-eu-u-bih\/\" \/>\n<meta property=\"og:locale\" content=\"en_US\" \/>\n<meta property=\"og:type\" content=\"article\" \/>\n<meta property=\"og:title\" content=\"Tegeltija s predstavnicima Izaslanstva EU u BiH - Uprava za indirektno \/ neizravno oporezivanje BiH\" \/>\n<meta property=\"og:description\" content=\"Ravnatelj Uprave za neizravno oporezivanje (UNO), dr. Zoran Tegeltija sastao se danas sa predstavnicima Izaslanstva Europske unije u BiH u \u010dijem sastavu su bili Stefano Ellero, \u0161ef kooperacija u Izaslanstvu EU u BiH, Antonella Di Sandri, \u0160ef sekcije operacija 2 (ekonomija) u BiH i Sanja Spai\u0107 Kurtovi\u0107, program menad\u017eer u Izaslanstvu EU u BiH. Na [&hellip;]\" \/>\n<meta property=\"og:url\" content=\"https:\/\/www.uino.gov.ba\/portal\/hr\/novosti-hr\/tegeltija-s-predstavnicima-izaslanstva-eu-u-bih\/\" \/>\n<meta property=\"og:site_name\" content=\"Uprava za indirektno \/ neizravno oporezivanje BiH\" \/>\n<meta property=\"article:published_time\" content=\"2023-10-13T14:13:29+00:00\" \/>\n<meta property=\"og:image\" content=\"https:\/\/www.uino.gov.ba\/portal\/wp-content\/uploads\/4-SAOPSTENJA\/2023\/13-10-23\/image3.jpeg\" \/>\n\t<meta property=\"og:image:width\" content=\"2016\" \/>\n\t<meta property=\"og:image:height\" content=\"1512\" \/>\n\t<meta property=\"og:image:type\" content=\"image\/jpeg\" \/>\n<meta name=\"author\" content=\"dzenan.k\" \/>\n<meta name=\"twitter:card\" content=\"summary_large_image\" \/>\n<meta name=\"twitter:label1\" content=\"Written by\" \/>\n\t<meta name=\"twitter:data1\" content=\"dzenan.k\" \/>\n\t<meta name=\"twitter:label2\" content=\"Est. reading time\" \/>\n\t<meta name=\"twitter:data2\" content=\"1 minute\" \/>\n<script type=\"application\/ld+json\" class=\"yoast-schema-graph\">{\"@context\":\"https:\\\/\\\/schema.org\",\"@graph\":[{\"@type\":\"Article\",\"@id\":\"https:\\\/\\\/www.uino.gov.ba\\\/portal\\\/hr\\\/novosti-hr\\\/tegeltija-s-predstavnicima-izaslanstva-eu-u-bih\\\/#article\",\"isPartOf\":{\"@id\":\"https:\\\/\\\/www.uino.gov.ba\\\/portal\\\/hr\\\/novosti-hr\\\/tegeltija-s-predstavnicima-izaslanstva-eu-u-bih\\\/\"},\"author\":{\"name\":\"dzenan.k\",\"@id\":\"https:\\\/\\\/www.uino.gov.ba\\\/portal\\\/#\\\/schema\\\/person\\\/7e08ae05a155bd4e8ef3f99e9e0fc985\"},\"headline\":\"Tegeltija s predstavnicima Izaslanstva EU u BiH\",\"datePublished\":\"2023-10-13T14:13:29+00:00\",\"mainEntityOfPage\":{\"@id\":\"https:\\\/\\\/www.uino.gov.ba\\\/portal\\\/hr\\\/novosti-hr\\\/tegeltija-s-predstavnicima-izaslanstva-eu-u-bih\\\/\"},\"wordCount\":224,\"image\":{\"@id\":\"https:\\\/\\\/www.uino.gov.ba\\\/portal\\\/hr\\\/novosti-hr\\\/tegeltija-s-predstavnicima-izaslanstva-eu-u-bih\\\/#primaryimage\"},\"thumbnailUrl\":\"https:\\\/\\\/www.uino.gov.ba\\\/portal\\\/wp-content\\\/uploads\\\/4-SAOPSTENJA\\\/2023\\\/13-10-23\\\/image3.jpeg\",\"articleSection\":[\"Novosti\"],\"inLanguage\":\"en-US\"},{\"@type\":\"WebPage\",\"@id\":\"https:\\\/\\\/www.uino.gov.ba\\\/portal\\\/hr\\\/novosti-hr\\\/tegeltija-s-predstavnicima-izaslanstva-eu-u-bih\\\/\",\"url\":\"https:\\\/\\\/www.uino.gov.ba\\\/portal\\\/hr\\\/novosti-hr\\\/tegeltija-s-predstavnicima-izaslanstva-eu-u-bih\\\/\",\"name\":\"Tegeltija s predstavnicima Izaslanstva EU u BiH - Uprava za indirektno \\\/ neizravno oporezivanje BiH\",\"isPartOf\":{\"@id\":\"https:\\\/\\\/www.uino.gov.ba\\\/portal\\\/#website\"},\"primaryImageOfPage\":{\"@id\":\"https:\\\/\\\/www.uino.gov.ba\\\/portal\\\/hr\\\/novosti-hr\\\/tegeltija-s-predstavnicima-izaslanstva-eu-u-bih\\\/#primaryimage\"},\"image\":{\"@id\":\"https:\\\/\\\/www.uino.gov.ba\\\/portal\\\/hr\\\/novosti-hr\\\/tegeltija-s-predstavnicima-izaslanstva-eu-u-bih\\\/#primaryimage\"},\"thumbnailUrl\":\"https:\\\/\\\/www.uino.gov.ba\\\/portal\\\/wp-content\\\/uploads\\\/4-SAOPSTENJA\\\/2023\\\/13-10-23\\\/image3.jpeg\",\"datePublished\":\"2023-10-13T14:13:29+00:00\",\"author\":{\"@id\":\"https:\\\/\\\/www.uino.gov.ba\\\/portal\\\/#\\\/schema\\\/person\\\/7e08ae05a155bd4e8ef3f99e9e0fc985\"},\"breadcrumb\":{\"@id\":\"https:\\\/\\\/www.uino.gov.ba\\\/portal\\\/hr\\\/novosti-hr\\\/tegeltija-s-predstavnicima-izaslanstva-eu-u-bih\\\/#breadcrumb\"},\"inLanguage\":\"en-US\",\"potentialAction\":[{\"@type\":\"ReadAction\",\"target\":[\"https:\\\/\\\/www.uino.gov.ba\\\/portal\\\/hr\\\/novosti-hr\\\/tegeltija-s-predstavnicima-izaslanstva-eu-u-bih\\\/\"]}]},{\"@type\":\"ImageObject\",\"inLanguage\":\"en-US\",\"@id\":\"https:\\\/\\\/www.uino.gov.ba\\\/portal\\\/hr\\\/novosti-hr\\\/tegeltija-s-predstavnicima-izaslanstva-eu-u-bih\\\/#primaryimage\",\"url\":\"https:\\\/\\\/www.uino.gov.ba\\\/portal\\\/wp-content\\\/uploads\\\/4-SAOPSTENJA\\\/2023\\\/13-10-23\\\/image3.jpeg\",\"contentUrl\":\"https:\\\/\\\/www.uino.gov.ba\\\/portal\\\/wp-content\\\/uploads\\\/4-SAOPSTENJA\\\/2023\\\/13-10-23\\\/image3.jpeg\",\"width\":2016,\"height\":1512},{\"@type\":\"BreadcrumbList\",\"@id\":\"https:\\\/\\\/www.uino.gov.ba\\\/portal\\\/hr\\\/novosti-hr\\\/tegeltija-s-predstavnicima-izaslanstva-eu-u-bih\\\/#breadcrumb\",\"itemListElement\":[{\"@type\":\"ListItem\",\"position\":1,\"name\":\"\",\"item\":\"https:\\\/\\\/www.uino.gov.ba\\\/portal\\\/bs\\\/\"},{\"@type\":\"ListItem\",\"position\":2,\"name\":\"Novosti\",\"item\":\"https:\\\/\\\/www.uino.gov.ba\\\/portal\\\/hr\\\/novosti-hr\\\/\"},{\"@type\":\"ListItem\",\"position\":3,\"name\":\"Tegeltija s predstavnicima Izaslanstva EU u BiH\"}]},{\"@type\":\"WebSite\",\"@id\":\"https:\\\/\\\/www.uino.gov.ba\\\/portal\\\/#website\",\"url\":\"https:\\\/\\\/www.uino.gov.ba\\\/portal\\\/\",\"name\":\"Uprava za indirektno \\\/ neizravno oporezivanje BiH\",\"description\":\"\",\"potentialAction\":[{\"@type\":\"SearchAction\",\"target\":{\"@type\":\"EntryPoint\",\"urlTemplate\":\"https:\\\/\\\/www.uino.gov.ba\\\/portal\\\/?s={search_term_string}\"},\"query-input\":{\"@type\":\"PropertyValueSpecification\",\"valueRequired\":true,\"valueName\":\"search_term_string\"}}],\"inLanguage\":\"en-US\"},{\"@type\":\"Person\",\"@id\":\"https:\\\/\\\/www.uino.gov.ba\\\/portal\\\/#\\\/schema\\\/person\\\/7e08ae05a155bd4e8ef3f99e9e0fc985\",\"name\":\"dzenan.k\",\"image\":{\"@type\":\"ImageObject\",\"inLanguage\":\"en-US\",\"@id\":\"https:\\\/\\\/secure.gravatar.com\\\/avatar\\\/8381504bb29898236f08b86317cd3c6e6c291e88000a4a555fafa7ba6753e872?s=96&d=mm&r=g\",\"url\":\"https:\\\/\\\/secure.gravatar.com\\\/avatar\\\/8381504bb29898236f08b86317cd3c6e6c291e88000a4a555fafa7ba6753e872?s=96&d=mm&r=g\",\"contentUrl\":\"https:\\\/\\\/secure.gravatar.com\\\/avatar\\\/8381504bb29898236f08b86317cd3c6e6c291e88000a4a555fafa7ba6753e872?s=96&d=mm&r=g\",\"caption\":\"dzenan.k\"}}]}<\/script>\n<!-- \/ Yoast SEO plugin. -->","yoast_head_json":{"title":"Tegeltija s predstavnicima Izaslanstva EU u BiH - Uprava za indirektno \/ neizravno oporezivanje BiH","robots":{"index":"index","follow":"follow","max-snippet":"max-snippet:-1","max-image-preview":"max-image-preview:large","max-video-preview":"max-video-preview:-1"},"canonical":"https:\/\/www.uino.gov.ba\/portal\/hr\/novosti-hr\/tegeltija-s-predstavnicima-izaslanstva-eu-u-bih\/","og_locale":"en_US","og_type":"article","og_title":"Tegeltija s predstavnicima Izaslanstva EU u BiH - Uprava za indirektno \/ neizravno oporezivanje BiH","og_description":"Ravnatelj Uprave za neizravno oporezivanje (UNO), dr. Zoran Tegeltija sastao se danas sa predstavnicima Izaslanstva Europske unije u BiH u \u010dijem sastavu su bili Stefano Ellero, \u0161ef kooperacija u Izaslanstvu EU u BiH, Antonella Di Sandri, \u0160ef sekcije operacija 2 (ekonomija) u BiH i Sanja Spai\u0107 Kurtovi\u0107, program menad\u017eer u Izaslanstvu EU u BiH. Na [&hellip;]","og_url":"https:\/\/www.uino.gov.ba\/portal\/hr\/novosti-hr\/tegeltija-s-predstavnicima-izaslanstva-eu-u-bih\/","og_site_name":"Uprava za indirektno \/ neizravno oporezivanje BiH","article_published_time":"2023-10-13T14:13:29+00:00","og_image":[{"width":2016,"height":1512,"url":"https:\/\/www.uino.gov.ba\/portal\/wp-content\/uploads\/4-SAOPSTENJA\/2023\/13-10-23\/image3.jpeg","type":"image\/jpeg"}],"author":"dzenan.k","twitter_card":"summary_large_image","twitter_misc":{"Written by":"dzenan.k","Est. reading time":"1 minute"},"schema":{"@context":"https:\/\/schema.org","@graph":[{"@type":"Article","@id":"https:\/\/www.uino.gov.ba\/portal\/hr\/novosti-hr\/tegeltija-s-predstavnicima-izaslanstva-eu-u-bih\/#article","isPartOf":{"@id":"https:\/\/www.uino.gov.ba\/portal\/hr\/novosti-hr\/tegeltija-s-predstavnicima-izaslanstva-eu-u-bih\/"},"author":{"name":"dzenan.k","@id":"https:\/\/www.uino.gov.ba\/portal\/#\/schema\/person\/7e08ae05a155bd4e8ef3f99e9e0fc985"},"headline":"Tegeltija s predstavnicima Izaslanstva EU u BiH","datePublished":"2023-10-13T14:13:29+00:00","mainEntityOfPage":{"@id":"https:\/\/www.uino.gov.ba\/portal\/hr\/novosti-hr\/tegeltija-s-predstavnicima-izaslanstva-eu-u-bih\/"},"wordCount":224,"image":{"@id":"https:\/\/www.uino.gov.ba\/portal\/hr\/novosti-hr\/tegeltija-s-predstavnicima-izaslanstva-eu-u-bih\/#primaryimage"},"thumbnailUrl":"https:\/\/www.uino.gov.ba\/portal\/wp-content\/uploads\/4-SAOPSTENJA\/2023\/13-10-23\/image3.jpeg","articleSection":["Novosti"],"inLanguage":"en-US"},{"@type":"WebPage","@id":"https:\/\/www.uino.gov.ba\/portal\/hr\/novosti-hr\/tegeltija-s-predstavnicima-izaslanstva-eu-u-bih\/","url":"https:\/\/www.uino.gov.ba\/portal\/hr\/novosti-hr\/tegeltija-s-predstavnicima-izaslanstva-eu-u-bih\/","name":"Tegeltija s predstavnicima Izaslanstva EU u BiH - Uprava za indirektno \/ neizravno oporezivanje BiH","isPartOf":{"@id":"https:\/\/www.uino.gov.ba\/portal\/#website"},"primaryImageOfPage":{"@id":"https:\/\/www.uino.gov.ba\/portal\/hr\/novosti-hr\/tegeltija-s-predstavnicima-izaslanstva-eu-u-bih\/#primaryimage"},"image":{"@id":"https:\/\/www.uino.gov.ba\/portal\/hr\/novosti-hr\/tegeltija-s-predstavnicima-izaslanstva-eu-u-bih\/#primaryimage"},"thumbnailUrl":"https:\/\/www.uino.gov.ba\/portal\/wp-content\/uploads\/4-SAOPSTENJA\/2023\/13-10-23\/image3.jpeg","datePublished":"2023-10-13T14:13:29+00:00","author":{"@id":"https:\/\/www.uino.gov.ba\/portal\/#\/schema\/person\/7e08ae05a155bd4e8ef3f99e9e0fc985"},"breadcrumb":{"@id":"https:\/\/www.uino.gov.ba\/portal\/hr\/novosti-hr\/tegeltija-s-predstavnicima-izaslanstva-eu-u-bih\/#breadcrumb"},"inLanguage":"en-US","potentialAction":[{"@type":"ReadAction","target":["https:\/\/www.uino.gov.ba\/portal\/hr\/novosti-hr\/tegeltija-s-predstavnicima-izaslanstva-eu-u-bih\/"]}]},{"@type":"ImageObject","inLanguage":"en-US","@id":"https:\/\/www.uino.gov.ba\/portal\/hr\/novosti-hr\/tegeltija-s-predstavnicima-izaslanstva-eu-u-bih\/#primaryimage","url":"https:\/\/www.uino.gov.ba\/portal\/wp-content\/uploads\/4-SAOPSTENJA\/2023\/13-10-23\/image3.jpeg","contentUrl":"https:\/\/www.uino.gov.ba\/portal\/wp-content\/uploads\/4-SAOPSTENJA\/2023\/13-10-23\/image3.jpeg","width":2016,"height":1512},{"@type":"BreadcrumbList","@id":"https:\/\/www.uino.gov.ba\/portal\/hr\/novosti-hr\/tegeltija-s-predstavnicima-izaslanstva-eu-u-bih\/#breadcrumb","itemListElement":[{"@type":"ListItem","position":1,"name":"","item":"https:\/\/www.uino.gov.ba\/portal\/bs\/"},{"@type":"ListItem","position":2,"name":"Novosti","item":"https:\/\/www.uino.gov.ba\/portal\/hr\/novosti-hr\/"},{"@type":"ListItem","position":3,"name":"Tegeltija s predstavnicima Izaslanstva EU u BiH"}]},{"@type":"WebSite","@id":"https:\/\/www.uino.gov.ba\/portal\/#website","url":"https:\/\/www.uino.gov.ba\/portal\/","name":"Uprava za indirektno \/ neizravno oporezivanje BiH","description":"","potentialAction":[{"@type":"SearchAction","target":{"@type":"EntryPoint","urlTemplate":"https:\/\/www.uino.gov.ba\/portal\/?s={search_term_string}"},"query-input":{"@type":"PropertyValueSpecification","valueRequired":true,"valueName":"search_term_string"}}],"inLanguage":"en-US"},{"@type":"Person","@id":"https:\/\/www.uino.gov.ba\/portal\/#\/schema\/person\/7e08ae05a155bd4e8ef3f99e9e0fc985","name":"dzenan.k","image":{"@type":"ImageObject","inLanguage":"en-US","@id":"https:\/\/secure.gravatar.com\/avatar\/8381504bb29898236f08b86317cd3c6e6c291e88000a4a555fafa7ba6753e872?s=96&d=mm&r=g","url":"https:\/\/secure.gravatar.com\/avatar\/8381504bb29898236f08b86317cd3c6e6c291e88000a4a555fafa7ba6753e872?s=96&d=mm&r=g","contentUrl":"https:\/\/secure.gravatar.com\/avatar\/8381504bb29898236f08b86317cd3c6e6c291e88000a4a555fafa7ba6753e872?s=96&d=mm&r=g","caption":"dzenan.k"}}]}},"publishpress_future_action":{"enabled":false,"date":"2026-05-06 15:11:55","action":"change-status","newStatus":"draft","terms":[],"taxonomy":"category","extraData":[]},"publishpress_future_workflow_manual_trigger":{"enabledWorkflows":[]},"_links":{"self":[{"href":"https:\/\/www.uino.gov.ba\/portal\/wp-json\/wp\/v2\/posts\/37511","targetHints":{"allow":["GET"]}}],"collection":[{"href":"https:\/\/www.uino.gov.ba\/portal\/wp-json\/wp\/v2\/posts"}],"about":[{"href":"https:\/\/www.uino.gov.ba\/portal\/wp-json\/wp\/v2\/types\/post"}],"author":[{"embeddable":true,"href":"https:\/\/www.uino.gov.ba\/portal\/wp-json\/wp\/v2\/users\/2"}],"replies":[{"embeddable":true,"href":"https:\/\/www.uino.gov.ba\/portal\/wp-json\/wp\/v2\/comments?post=37511"}],"version-history":[{"count":1,"href":"https:\/\/www.uino.gov.ba\/portal\/wp-json\/wp\/v2\/posts\/37511\/revisions"}],"predecessor-version":[{"id":37512,"href":"https:\/\/www.uino.gov.ba\/portal\/wp-json\/wp\/v2\/posts\/37511\/revisions\/37512"}],"wp:featuredmedia":[{"embeddable":true,"href":"https:\/\/www.uino.gov.ba\/portal\/wp-json\/wp\/v2\/media\/37506"}],"wp:attachment":[{"href":"https:\/\/www.uino.gov.ba\/portal\/wp-json\/wp\/v2\/media?parent=37511"}],"wp:term":[{"taxonomy":"category","embeddable":true,"href":"https:\/\/www.uino.gov.ba\/portal\/wp-json\/wp\/v2\/categories?post=37511"},{"taxonomy":"post_tag","embeddable":true,"href":"https:\/\/www.uino.gov.ba\/portal\/wp-json\/wp\/v2\/tags?post=37511"}],"curies":[{"name":"wp","href":"https:\/\/api.w.org\/{rel}","templated":true}]}}