{"id":37488,"date":"2023-10-13T13:19:36","date_gmt":"2023-10-13T11:19:36","guid":{"rendered":"https:\/\/www.uino.gov.ba\/portal\/?p=37488"},"modified":"2023-10-13T13:20:51","modified_gmt":"2023-10-13T11:20:51","slug":"amidzic-i-tegeltija-o-prioritetima-uno-novi-strucni-kadrovi-i-bolja-tehnicka-opremljenost-uno","status":"publish","type":"post","link":"https:\/\/www.uino.gov.ba\/portal\/hr\/novosti-hr\/amidzic-i-tegeltija-o-prioritetima-uno-novi-strucni-kadrovi-i-bolja-tehnicka-opremljenost-uno\/","title":{"rendered":"Amid\u017ei\u0107 i Tegeltija o prioritetima UNO: Novi stru\u010dni kadrovi i bolja tehni\u010dka opremljenost UNO"},"content":{"rendered":"<p style=\"text-align: justify;\">Ministar financija i trezora BiH dr. Sr\u0111an Amid\u017ei\u0107 danas je u Banjoj Luci sa ravnateljem Uprave za neizravno oporezivanje (UNO) dr. Zoranom Tegeltijom razgovarao o funkcioniranju Uprave i budu\u0107im planiranim aktivnostima.<\/p>\n<p style=\"text-align: justify;\">Tijekom sastanka posebno je istaknut zna\u010daj rada Uprave za neizravno oporezivanje koja je sa 13.09.2023. godine prikupila rekordnih 8 milijardi i 405 milijuna KM neizravnih poreza, \u0161to je za 533 milijuna KM vi\u0161e u odnosu na isto razdoblje 2022. godine.<\/p>\n<p style=\"text-align: justify;\">Ravnatelj UNO dr. Zoran Tegeltija upoznao je ministra Amid\u017ei\u0107a o svim najva\u017enijim poslovnim procesima koje obavlja Uprava, kao i o aktualnim problemima, posebno kad je u pitanju kadrovska struktura i nedovoljan broj slu\u017ebenika, kao i nedovoljna tehni\u010dka opremljenost Uprave. Bilo je rije\u010di i o aktivnostima planiranim u idu\u0107em razdoblju koje bi trebale doprinijeti unaprje\u0111enju rada UNO i ostvarivanju jo\u0161 boljih odnosa s poslovnom zajednicom i gra\u0111anima u Bosni i Hercegovini.<\/p>\n<p style=\"text-align: justify;\">Ministar financija i trezora BiH dr. Sr\u0111an Amid\u017ei\u0107 dao je punu podr\u0161ku svim aktivnostima Uprave za neizravno oporezivanje i obe\u0107ao pomo\u0107 resornog ministarstva financija, posebno kad je u pitanju zapo\u0161ljavanje novih slu\u017ebenika, mladih i stru\u010dnih osoba, te tehni\u010dko opremanje UNO.<\/p>\n","protected":false},"excerpt":{"rendered":"<p>Ministar financija i trezora BiH dr. Sr\u0111an Amid\u017ei\u0107 danas je u Banjoj Luci sa ravnateljem Uprave za neizravno oporezivanje (UNO) dr. Zoranom Tegeltijom razgovarao o funkcioniranju Uprave i budu\u0107im planiranim aktivnostima. Tijekom sastanka posebno je istaknut zna\u010daj rada Uprave za neizravno oporezivanje koja je sa 13.09.2023. godine prikupila rekordnih 8 milijardi i 405 milijuna KM [&hellip;]<\/p>\n","protected":false},"author":2,"featured_media":37481,"comment_status":"closed","ping_status":"closed","sticky":false,"template":"","format":"standard","meta":{"_acf_changed":false,"_et_pb_use_builder":"","_et_pb_old_content":"","_et_gb_content_width":"","footnotes":""},"categories":[118],"tags":[],"class_list":["post-37488","post","type-post","status-publish","format-standard","has-post-thumbnail","hentry","category-novosti-hr"],"acf":[],"yoast_head":"<!-- This site is optimized with the Yoast SEO plugin v27.5 - https:\/\/yoast.com\/product\/yoast-seo-wordpress\/ -->\n<title>Amid\u017ei\u0107 i Tegeltija o prioritetima UNO: Novi stru\u010dni kadrovi i bolja tehni\u010dka opremljenost UNO - Uprava za indirektno \/ neizravno oporezivanje BiH<\/title>\n<meta name=\"robots\" content=\"index, follow, max-snippet:-1, max-image-preview:large, max-video-preview:-1\" \/>\n<link rel=\"canonical\" href=\"https:\/\/www.uino.gov.ba\/portal\/hr\/novosti-hr\/amidzic-i-tegeltija-o-prioritetima-uno-novi-strucni-kadrovi-i-bolja-tehnicka-opremljenost-uno\/\" \/>\n<meta property=\"og:locale\" content=\"en_US\" \/>\n<meta property=\"og:type\" content=\"article\" \/>\n<meta property=\"og:title\" content=\"Amid\u017ei\u0107 i Tegeltija o prioritetima UNO: Novi stru\u010dni kadrovi i bolja tehni\u010dka opremljenost UNO - Uprava za indirektno \/ neizravno oporezivanje BiH\" \/>\n<meta property=\"og:description\" content=\"Ministar financija i trezora BiH dr. Sr\u0111an Amid\u017ei\u0107 danas je u Banjoj Luci sa ravnateljem Uprave za neizravno oporezivanje (UNO) dr. Zoranom Tegeltijom razgovarao o funkcioniranju Uprave i budu\u0107im planiranim aktivnostima. Tijekom sastanka posebno je istaknut zna\u010daj rada Uprave za neizravno oporezivanje koja je sa 13.09.2023. godine prikupila rekordnih 8 milijardi i 405 milijuna KM [&hellip;]\" \/>\n<meta property=\"og:url\" content=\"https:\/\/www.uino.gov.ba\/portal\/hr\/novosti-hr\/amidzic-i-tegeltija-o-prioritetima-uno-novi-strucni-kadrovi-i-bolja-tehnicka-opremljenost-uno\/\" \/>\n<meta property=\"og:site_name\" content=\"Uprava za indirektno \/ neizravno oporezivanje BiH\" \/>\n<meta property=\"article:published_time\" content=\"2023-10-13T11:19:36+00:00\" \/>\n<meta property=\"article:modified_time\" content=\"2023-10-13T11:20:51+00:00\" \/>\n<meta property=\"og:image\" content=\"https:\/\/www.uino.gov.ba\/portal\/wp-content\/uploads\/4-SAOPSTENJA\/2023\/13-10-23\/Sastanak-direktora-UINO-i-ministra-finansija.jpg\" \/>\n\t<meta property=\"og:image:width\" content=\"2016\" \/>\n\t<meta property=\"og:image:height\" content=\"1512\" \/>\n\t<meta property=\"og:image:type\" content=\"image\/jpeg\" \/>\n<meta name=\"author\" content=\"dzenan.k\" \/>\n<meta name=\"twitter:card\" content=\"summary_large_image\" \/>\n<meta name=\"twitter:label1\" content=\"Written by\" \/>\n\t<meta name=\"twitter:data1\" content=\"dzenan.k\" \/>\n\t<meta name=\"twitter:label2\" content=\"Est. reading time\" \/>\n\t<meta name=\"twitter:data2\" content=\"1 minute\" \/>\n<script type=\"application\/ld+json\" class=\"yoast-schema-graph\">{\"@context\":\"https:\\\/\\\/schema.org\",\"@graph\":[{\"@type\":\"Article\",\"@id\":\"https:\\\/\\\/www.uino.gov.ba\\\/portal\\\/hr\\\/novosti-hr\\\/amidzic-i-tegeltija-o-prioritetima-uno-novi-strucni-kadrovi-i-bolja-tehnicka-opremljenost-uno\\\/#article\",\"isPartOf\":{\"@id\":\"https:\\\/\\\/www.uino.gov.ba\\\/portal\\\/hr\\\/novosti-hr\\\/amidzic-i-tegeltija-o-prioritetima-uno-novi-strucni-kadrovi-i-bolja-tehnicka-opremljenost-uno\\\/\"},\"author\":{\"name\":\"dzenan.k\",\"@id\":\"https:\\\/\\\/www.uino.gov.ba\\\/portal\\\/#\\\/schema\\\/person\\\/7e08ae05a155bd4e8ef3f99e9e0fc985\"},\"headline\":\"Amid\u017ei\u0107 i Tegeltija o prioritetima UNO: Novi stru\u010dni kadrovi i bolja tehni\u010dka opremljenost UNO\",\"datePublished\":\"2023-10-13T11:19:36+00:00\",\"dateModified\":\"2023-10-13T11:20:51+00:00\",\"mainEntityOfPage\":{\"@id\":\"https:\\\/\\\/www.uino.gov.ba\\\/portal\\\/hr\\\/novosti-hr\\\/amidzic-i-tegeltija-o-prioritetima-uno-novi-strucni-kadrovi-i-bolja-tehnicka-opremljenost-uno\\\/\"},\"wordCount\":215,\"image\":{\"@id\":\"https:\\\/\\\/www.uino.gov.ba\\\/portal\\\/hr\\\/novosti-hr\\\/amidzic-i-tegeltija-o-prioritetima-uno-novi-strucni-kadrovi-i-bolja-tehnicka-opremljenost-uno\\\/#primaryimage\"},\"thumbnailUrl\":\"https:\\\/\\\/www.uino.gov.ba\\\/portal\\\/wp-content\\\/uploads\\\/4-SAOPSTENJA\\\/2023\\\/13-10-23\\\/Sastanak-direktora-UINO-i-ministra-finansija.jpg\",\"articleSection\":[\"Novosti\"],\"inLanguage\":\"en-US\"},{\"@type\":\"WebPage\",\"@id\":\"https:\\\/\\\/www.uino.gov.ba\\\/portal\\\/hr\\\/novosti-hr\\\/amidzic-i-tegeltija-o-prioritetima-uno-novi-strucni-kadrovi-i-bolja-tehnicka-opremljenost-uno\\\/\",\"url\":\"https:\\\/\\\/www.uino.gov.ba\\\/portal\\\/hr\\\/novosti-hr\\\/amidzic-i-tegeltija-o-prioritetima-uno-novi-strucni-kadrovi-i-bolja-tehnicka-opremljenost-uno\\\/\",\"name\":\"Amid\u017ei\u0107 i Tegeltija o prioritetima UNO: Novi stru\u010dni kadrovi i bolja tehni\u010dka opremljenost UNO - Uprava za indirektno \\\/ neizravno oporezivanje BiH\",\"isPartOf\":{\"@id\":\"https:\\\/\\\/www.uino.gov.ba\\\/portal\\\/#website\"},\"primaryImageOfPage\":{\"@id\":\"https:\\\/\\\/www.uino.gov.ba\\\/portal\\\/hr\\\/novosti-hr\\\/amidzic-i-tegeltija-o-prioritetima-uno-novi-strucni-kadrovi-i-bolja-tehnicka-opremljenost-uno\\\/#primaryimage\"},\"image\":{\"@id\":\"https:\\\/\\\/www.uino.gov.ba\\\/portal\\\/hr\\\/novosti-hr\\\/amidzic-i-tegeltija-o-prioritetima-uno-novi-strucni-kadrovi-i-bolja-tehnicka-opremljenost-uno\\\/#primaryimage\"},\"thumbnailUrl\":\"https:\\\/\\\/www.uino.gov.ba\\\/portal\\\/wp-content\\\/uploads\\\/4-SAOPSTENJA\\\/2023\\\/13-10-23\\\/Sastanak-direktora-UINO-i-ministra-finansija.jpg\",\"datePublished\":\"2023-10-13T11:19:36+00:00\",\"dateModified\":\"2023-10-13T11:20:51+00:00\",\"author\":{\"@id\":\"https:\\\/\\\/www.uino.gov.ba\\\/portal\\\/#\\\/schema\\\/person\\\/7e08ae05a155bd4e8ef3f99e9e0fc985\"},\"breadcrumb\":{\"@id\":\"https:\\\/\\\/www.uino.gov.ba\\\/portal\\\/hr\\\/novosti-hr\\\/amidzic-i-tegeltija-o-prioritetima-uno-novi-strucni-kadrovi-i-bolja-tehnicka-opremljenost-uno\\\/#breadcrumb\"},\"inLanguage\":\"en-US\",\"potentialAction\":[{\"@type\":\"ReadAction\",\"target\":[\"https:\\\/\\\/www.uino.gov.ba\\\/portal\\\/hr\\\/novosti-hr\\\/amidzic-i-tegeltija-o-prioritetima-uno-novi-strucni-kadrovi-i-bolja-tehnicka-opremljenost-uno\\\/\"]}]},{\"@type\":\"ImageObject\",\"inLanguage\":\"en-US\",\"@id\":\"https:\\\/\\\/www.uino.gov.ba\\\/portal\\\/hr\\\/novosti-hr\\\/amidzic-i-tegeltija-o-prioritetima-uno-novi-strucni-kadrovi-i-bolja-tehnicka-opremljenost-uno\\\/#primaryimage\",\"url\":\"https:\\\/\\\/www.uino.gov.ba\\\/portal\\\/wp-content\\\/uploads\\\/4-SAOPSTENJA\\\/2023\\\/13-10-23\\\/Sastanak-direktora-UINO-i-ministra-finansija.jpg\",\"contentUrl\":\"https:\\\/\\\/www.uino.gov.ba\\\/portal\\\/wp-content\\\/uploads\\\/4-SAOPSTENJA\\\/2023\\\/13-10-23\\\/Sastanak-direktora-UINO-i-ministra-finansija.jpg\",\"width\":2016,\"height\":1512},{\"@type\":\"BreadcrumbList\",\"@id\":\"https:\\\/\\\/www.uino.gov.ba\\\/portal\\\/hr\\\/novosti-hr\\\/amidzic-i-tegeltija-o-prioritetima-uno-novi-strucni-kadrovi-i-bolja-tehnicka-opremljenost-uno\\\/#breadcrumb\",\"itemListElement\":[{\"@type\":\"ListItem\",\"position\":1,\"name\":\"\",\"item\":\"https:\\\/\\\/www.uino.gov.ba\\\/portal\\\/bs\\\/\"},{\"@type\":\"ListItem\",\"position\":2,\"name\":\"Novosti\",\"item\":\"https:\\\/\\\/www.uino.gov.ba\\\/portal\\\/hr\\\/novosti-hr\\\/\"},{\"@type\":\"ListItem\",\"position\":3,\"name\":\"Amid\u017ei\u0107 i Tegeltija o prioritetima UNO: Novi stru\u010dni kadrovi i bolja tehni\u010dka opremljenost UNO\"}]},{\"@type\":\"WebSite\",\"@id\":\"https:\\\/\\\/www.uino.gov.ba\\\/portal\\\/#website\",\"url\":\"https:\\\/\\\/www.uino.gov.ba\\\/portal\\\/\",\"name\":\"Uprava za indirektno \\\/ neizravno oporezivanje BiH\",\"description\":\"\",\"potentialAction\":[{\"@type\":\"SearchAction\",\"target\":{\"@type\":\"EntryPoint\",\"urlTemplate\":\"https:\\\/\\\/www.uino.gov.ba\\\/portal\\\/?s={search_term_string}\"},\"query-input\":{\"@type\":\"PropertyValueSpecification\",\"valueRequired\":true,\"valueName\":\"search_term_string\"}}],\"inLanguage\":\"en-US\"},{\"@type\":\"Person\",\"@id\":\"https:\\\/\\\/www.uino.gov.ba\\\/portal\\\/#\\\/schema\\\/person\\\/7e08ae05a155bd4e8ef3f99e9e0fc985\",\"name\":\"dzenan.k\",\"image\":{\"@type\":\"ImageObject\",\"inLanguage\":\"en-US\",\"@id\":\"https:\\\/\\\/secure.gravatar.com\\\/avatar\\\/8381504bb29898236f08b86317cd3c6e6c291e88000a4a555fafa7ba6753e872?s=96&d=mm&r=g\",\"url\":\"https:\\\/\\\/secure.gravatar.com\\\/avatar\\\/8381504bb29898236f08b86317cd3c6e6c291e88000a4a555fafa7ba6753e872?s=96&d=mm&r=g\",\"contentUrl\":\"https:\\\/\\\/secure.gravatar.com\\\/avatar\\\/8381504bb29898236f08b86317cd3c6e6c291e88000a4a555fafa7ba6753e872?s=96&d=mm&r=g\",\"caption\":\"dzenan.k\"}}]}<\/script>\n<!-- \/ Yoast SEO plugin. -->","yoast_head_json":{"title":"Amid\u017ei\u0107 i Tegeltija o prioritetima UNO: Novi stru\u010dni kadrovi i bolja tehni\u010dka opremljenost UNO - Uprava za indirektno \/ neizravno oporezivanje BiH","robots":{"index":"index","follow":"follow","max-snippet":"max-snippet:-1","max-image-preview":"max-image-preview:large","max-video-preview":"max-video-preview:-1"},"canonical":"https:\/\/www.uino.gov.ba\/portal\/hr\/novosti-hr\/amidzic-i-tegeltija-o-prioritetima-uno-novi-strucni-kadrovi-i-bolja-tehnicka-opremljenost-uno\/","og_locale":"en_US","og_type":"article","og_title":"Amid\u017ei\u0107 i Tegeltija o prioritetima UNO: Novi stru\u010dni kadrovi i bolja tehni\u010dka opremljenost UNO - Uprava za indirektno \/ neizravno oporezivanje BiH","og_description":"Ministar financija i trezora BiH dr. Sr\u0111an Amid\u017ei\u0107 danas je u Banjoj Luci sa ravnateljem Uprave za neizravno oporezivanje (UNO) dr. Zoranom Tegeltijom razgovarao o funkcioniranju Uprave i budu\u0107im planiranim aktivnostima. Tijekom sastanka posebno je istaknut zna\u010daj rada Uprave za neizravno oporezivanje koja je sa 13.09.2023. godine prikupila rekordnih 8 milijardi i 405 milijuna KM [&hellip;]","og_url":"https:\/\/www.uino.gov.ba\/portal\/hr\/novosti-hr\/amidzic-i-tegeltija-o-prioritetima-uno-novi-strucni-kadrovi-i-bolja-tehnicka-opremljenost-uno\/","og_site_name":"Uprava za indirektno \/ neizravno oporezivanje BiH","article_published_time":"2023-10-13T11:19:36+00:00","article_modified_time":"2023-10-13T11:20:51+00:00","og_image":[{"width":2016,"height":1512,"url":"https:\/\/www.uino.gov.ba\/portal\/wp-content\/uploads\/4-SAOPSTENJA\/2023\/13-10-23\/Sastanak-direktora-UINO-i-ministra-finansija.jpg","type":"image\/jpeg"}],"author":"dzenan.k","twitter_card":"summary_large_image","twitter_misc":{"Written by":"dzenan.k","Est. reading time":"1 minute"},"schema":{"@context":"https:\/\/schema.org","@graph":[{"@type":"Article","@id":"https:\/\/www.uino.gov.ba\/portal\/hr\/novosti-hr\/amidzic-i-tegeltija-o-prioritetima-uno-novi-strucni-kadrovi-i-bolja-tehnicka-opremljenost-uno\/#article","isPartOf":{"@id":"https:\/\/www.uino.gov.ba\/portal\/hr\/novosti-hr\/amidzic-i-tegeltija-o-prioritetima-uno-novi-strucni-kadrovi-i-bolja-tehnicka-opremljenost-uno\/"},"author":{"name":"dzenan.k","@id":"https:\/\/www.uino.gov.ba\/portal\/#\/schema\/person\/7e08ae05a155bd4e8ef3f99e9e0fc985"},"headline":"Amid\u017ei\u0107 i Tegeltija o prioritetima UNO: Novi stru\u010dni kadrovi i bolja tehni\u010dka opremljenost UNO","datePublished":"2023-10-13T11:19:36+00:00","dateModified":"2023-10-13T11:20:51+00:00","mainEntityOfPage":{"@id":"https:\/\/www.uino.gov.ba\/portal\/hr\/novosti-hr\/amidzic-i-tegeltija-o-prioritetima-uno-novi-strucni-kadrovi-i-bolja-tehnicka-opremljenost-uno\/"},"wordCount":215,"image":{"@id":"https:\/\/www.uino.gov.ba\/portal\/hr\/novosti-hr\/amidzic-i-tegeltija-o-prioritetima-uno-novi-strucni-kadrovi-i-bolja-tehnicka-opremljenost-uno\/#primaryimage"},"thumbnailUrl":"https:\/\/www.uino.gov.ba\/portal\/wp-content\/uploads\/4-SAOPSTENJA\/2023\/13-10-23\/Sastanak-direktora-UINO-i-ministra-finansija.jpg","articleSection":["Novosti"],"inLanguage":"en-US"},{"@type":"WebPage","@id":"https:\/\/www.uino.gov.ba\/portal\/hr\/novosti-hr\/amidzic-i-tegeltija-o-prioritetima-uno-novi-strucni-kadrovi-i-bolja-tehnicka-opremljenost-uno\/","url":"https:\/\/www.uino.gov.ba\/portal\/hr\/novosti-hr\/amidzic-i-tegeltija-o-prioritetima-uno-novi-strucni-kadrovi-i-bolja-tehnicka-opremljenost-uno\/","name":"Amid\u017ei\u0107 i Tegeltija o prioritetima UNO: Novi stru\u010dni kadrovi i bolja tehni\u010dka opremljenost UNO - Uprava za indirektno \/ neizravno oporezivanje BiH","isPartOf":{"@id":"https:\/\/www.uino.gov.ba\/portal\/#website"},"primaryImageOfPage":{"@id":"https:\/\/www.uino.gov.ba\/portal\/hr\/novosti-hr\/amidzic-i-tegeltija-o-prioritetima-uno-novi-strucni-kadrovi-i-bolja-tehnicka-opremljenost-uno\/#primaryimage"},"image":{"@id":"https:\/\/www.uino.gov.ba\/portal\/hr\/novosti-hr\/amidzic-i-tegeltija-o-prioritetima-uno-novi-strucni-kadrovi-i-bolja-tehnicka-opremljenost-uno\/#primaryimage"},"thumbnailUrl":"https:\/\/www.uino.gov.ba\/portal\/wp-content\/uploads\/4-SAOPSTENJA\/2023\/13-10-23\/Sastanak-direktora-UINO-i-ministra-finansija.jpg","datePublished":"2023-10-13T11:19:36+00:00","dateModified":"2023-10-13T11:20:51+00:00","author":{"@id":"https:\/\/www.uino.gov.ba\/portal\/#\/schema\/person\/7e08ae05a155bd4e8ef3f99e9e0fc985"},"breadcrumb":{"@id":"https:\/\/www.uino.gov.ba\/portal\/hr\/novosti-hr\/amidzic-i-tegeltija-o-prioritetima-uno-novi-strucni-kadrovi-i-bolja-tehnicka-opremljenost-uno\/#breadcrumb"},"inLanguage":"en-US","potentialAction":[{"@type":"ReadAction","target":["https:\/\/www.uino.gov.ba\/portal\/hr\/novosti-hr\/amidzic-i-tegeltija-o-prioritetima-uno-novi-strucni-kadrovi-i-bolja-tehnicka-opremljenost-uno\/"]}]},{"@type":"ImageObject","inLanguage":"en-US","@id":"https:\/\/www.uino.gov.ba\/portal\/hr\/novosti-hr\/amidzic-i-tegeltija-o-prioritetima-uno-novi-strucni-kadrovi-i-bolja-tehnicka-opremljenost-uno\/#primaryimage","url":"https:\/\/www.uino.gov.ba\/portal\/wp-content\/uploads\/4-SAOPSTENJA\/2023\/13-10-23\/Sastanak-direktora-UINO-i-ministra-finansija.jpg","contentUrl":"https:\/\/www.uino.gov.ba\/portal\/wp-content\/uploads\/4-SAOPSTENJA\/2023\/13-10-23\/Sastanak-direktora-UINO-i-ministra-finansija.jpg","width":2016,"height":1512},{"@type":"BreadcrumbList","@id":"https:\/\/www.uino.gov.ba\/portal\/hr\/novosti-hr\/amidzic-i-tegeltija-o-prioritetima-uno-novi-strucni-kadrovi-i-bolja-tehnicka-opremljenost-uno\/#breadcrumb","itemListElement":[{"@type":"ListItem","position":1,"name":"","item":"https:\/\/www.uino.gov.ba\/portal\/bs\/"},{"@type":"ListItem","position":2,"name":"Novosti","item":"https:\/\/www.uino.gov.ba\/portal\/hr\/novosti-hr\/"},{"@type":"ListItem","position":3,"name":"Amid\u017ei\u0107 i Tegeltija o prioritetima UNO: Novi stru\u010dni kadrovi i bolja tehni\u010dka opremljenost UNO"}]},{"@type":"WebSite","@id":"https:\/\/www.uino.gov.ba\/portal\/#website","url":"https:\/\/www.uino.gov.ba\/portal\/","name":"Uprava za indirektno \/ neizravno oporezivanje BiH","description":"","potentialAction":[{"@type":"SearchAction","target":{"@type":"EntryPoint","urlTemplate":"https:\/\/www.uino.gov.ba\/portal\/?s={search_term_string}"},"query-input":{"@type":"PropertyValueSpecification","valueRequired":true,"valueName":"search_term_string"}}],"inLanguage":"en-US"},{"@type":"Person","@id":"https:\/\/www.uino.gov.ba\/portal\/#\/schema\/person\/7e08ae05a155bd4e8ef3f99e9e0fc985","name":"dzenan.k","image":{"@type":"ImageObject","inLanguage":"en-US","@id":"https:\/\/secure.gravatar.com\/avatar\/8381504bb29898236f08b86317cd3c6e6c291e88000a4a555fafa7ba6753e872?s=96&d=mm&r=g","url":"https:\/\/secure.gravatar.com\/avatar\/8381504bb29898236f08b86317cd3c6e6c291e88000a4a555fafa7ba6753e872?s=96&d=mm&r=g","contentUrl":"https:\/\/secure.gravatar.com\/avatar\/8381504bb29898236f08b86317cd3c6e6c291e88000a4a555fafa7ba6753e872?s=96&d=mm&r=g","caption":"dzenan.k"}}]}},"publishpress_future_action":{"enabled":false,"date":"2026-05-06 16:41:36","action":"change-status","newStatus":"draft","terms":[],"taxonomy":"category","extraData":[]},"publishpress_future_workflow_manual_trigger":{"enabledWorkflows":[]},"_links":{"self":[{"href":"https:\/\/www.uino.gov.ba\/portal\/wp-json\/wp\/v2\/posts\/37488","targetHints":{"allow":["GET"]}}],"collection":[{"href":"https:\/\/www.uino.gov.ba\/portal\/wp-json\/wp\/v2\/posts"}],"about":[{"href":"https:\/\/www.uino.gov.ba\/portal\/wp-json\/wp\/v2\/types\/post"}],"author":[{"embeddable":true,"href":"https:\/\/www.uino.gov.ba\/portal\/wp-json\/wp\/v2\/users\/2"}],"replies":[{"embeddable":true,"href":"https:\/\/www.uino.gov.ba\/portal\/wp-json\/wp\/v2\/comments?post=37488"}],"version-history":[{"count":1,"href":"https:\/\/www.uino.gov.ba\/portal\/wp-json\/wp\/v2\/posts\/37488\/revisions"}],"predecessor-version":[{"id":37489,"href":"https:\/\/www.uino.gov.ba\/portal\/wp-json\/wp\/v2\/posts\/37488\/revisions\/37489"}],"wp:featuredmedia":[{"embeddable":true,"href":"https:\/\/www.uino.gov.ba\/portal\/wp-json\/wp\/v2\/media\/37481"}],"wp:attachment":[{"href":"https:\/\/www.uino.gov.ba\/portal\/wp-json\/wp\/v2\/media?parent=37488"}],"wp:term":[{"taxonomy":"category","embeddable":true,"href":"https:\/\/www.uino.gov.ba\/portal\/wp-json\/wp\/v2\/categories?post=37488"},{"taxonomy":"post_tag","embeddable":true,"href":"https:\/\/www.uino.gov.ba\/portal\/wp-json\/wp\/v2\/tags?post=37488"}],"curies":[{"name":"wp","href":"https:\/\/api.w.org\/{rel}","templated":true}]}}