{"id":37226,"date":"2023-09-21T14:24:47","date_gmt":"2023-09-21T12:24:47","guid":{"rendered":"https:\/\/www.uino.gov.ba\/portal\/?p=37226"},"modified":"2023-09-21T15:59:16","modified_gmt":"2023-09-21T13:59:16","slug":"kristo-i-tegeltija-razgovarali-o-radu-uio-bih","status":"publish","type":"post","link":"https:\/\/www.uino.gov.ba\/portal\/bs\/novosti\/kristo-i-tegeltija-razgovarali-o-radu-uio-bih\/","title":{"rendered":"Kri\u0161to i Tegeltija razgovarali o radu UIO"},"content":{"rendered":"<p style=\"text-align: justify;\">Predsjedavaju\u0107a Vije\u0107a ministara BiH Borjana Kri\u0161to danas je u Banjoj Luci sa direktorom Uprave za indirektno oporezivanje (UIO) dr. Zoranom Tegeltijom razgovarala o funkcioniranju Uprave i budu\u0107im planiranim aktivnostima.<\/p>\n<p style=\"text-align: justify;\">Tokom sastanka ukazano je na zna\u010daj rada Uprave za indirektno oporezivanje koja je u osam mjeseci 2023. godine prikupila rekordnih 6 milijardi i 931 milion KM indirektnih poreza, \u0161to je 495 miliona KM vi\u0161e, ili 7,7% vi\u0161e u odnosu na 2022. godinu.<\/p>\n<p style=\"text-align: justify;\">Direktor UIO dr. Zoran Tegeltija upoznao je predsjedavaju\u0107u Kri\u0161to o svim najva\u017enijim poslovnim procesima koje obavlja Uprava, kao i o aktuelnim problemima, posebno kad je u pitanju kadrovska struktura i nedovoljan broj slu\u017ebenika, kao i neadekvatni uvjeti za rad, posebno u Banjaluci. Bilo je rije\u010di i o aktivnostima planiranim u narednom periodu koje bi trebale doprinijeti unaprje\u0111enju rada UIO i ostvarivanju jo\u0161 boljih odnosa s poslovnom zajednicom i gra\u0111anima u Bosni i Hercegovini.<\/p>\n<p style=\"text-align: justify;\">Predsjedavaju\u0107a Kri\u0161to je pozdravila stupanje na snagu Pravilnika o dopuni Pravilnika o primjeni Zakona o porezu na dodanu vrijednost, \u010dime je napravljen jo\u0161 jedan iskorak ka poreznim olak\u0161icama za doniranje hrane, nakon \u0161to je Parlamentarna skup\u0161tina BiH usvojila Izmjenu Zakona o PDV-u.<\/p>\n<p style=\"text-align: justify;\">Tako\u0111er Kri\u0161to je upoznala direktora Tegeltiju i sa incijativom Federalnog zavoda za zdravstveno osiguranje i reosiguranje\u00a0 kao i sa inicijativom Fonda zdravstvenog osiguranja Republike Srpske za smanjenje, ukidanje ili povrat PDV-a na lijekove, medicinske materijale, opremu te ostale robe i usluge koje nabavljaju u svrhu pru\u017eanja zdravstvene za\u0161tite, a sve u cilju rastere\u0107enja poslovanja ustanova iz oblasti zdravstva, kao i pove\u0107anja kvalitete zdravstvenih usluga koju koriste krajnji korisnici.<\/p>\n<p style=\"text-align: center;\"><img loading=\"lazy\" decoding=\"async\" class=\"size-medium wp-image-37222 alignnone\" src=\"https:\/\/www.uino.gov.ba\/portal\/wp-content\/uploads\/4-SAOPSTENJA\/2023\/21-09-23\/Posjeta-predsjedavajuce-Vijeca-ministara-21-09-2023-300x193.jpg\" alt=\"\" width=\"300\" height=\"193\" \/> <img loading=\"lazy\" decoding=\"async\" class=\"size-medium wp-image-37223 alignnone\" src=\"https:\/\/www.uino.gov.ba\/portal\/wp-content\/uploads\/4-SAOPSTENJA\/2023\/21-09-23\/Posjeta-predsjedavajuce-Vijeca-ministara-1-21-09-2023-300x200.jpg\" alt=\"\" width=\"300\" height=\"200\" \/> <img loading=\"lazy\" decoding=\"async\" class=\"size-medium wp-image-37224 alignnone\" src=\"https:\/\/www.uino.gov.ba\/portal\/wp-content\/uploads\/4-SAOPSTENJA\/2023\/21-09-23\/Posjeta-predsjedavajuce-Vijeca-ministara-2-21-09-2023-300x200.jpg\" alt=\"\" width=\"300\" height=\"200\" \/> <img loading=\"lazy\" decoding=\"async\" class=\"size-medium wp-image-37225 alignnone\" src=\"https:\/\/www.uino.gov.ba\/portal\/wp-content\/uploads\/4-SAOPSTENJA\/2023\/21-09-23\/Posjeta-predsjedavajuce-Vijeca-ministara-3-21-09-2023-300x200.jpg\" alt=\"\" width=\"300\" height=\"200\" \/><\/p>\n<p style=\"text-align: justify;\">\n","protected":false},"excerpt":{"rendered":"<p>Predsjedavaju\u0107a Vije\u0107a ministara BiH Borjana Kri\u0161to danas je u Banjoj Luci sa direktorom Uprave za indirektno oporezivanje (UIO) dr. Zoranom Tegeltijom razgovarala o funkcioniranju Uprave i budu\u0107im planiranim aktivnostima. Tokom sastanka ukazano je na zna\u010daj rada Uprave za indirektno oporezivanje koja je u osam mjeseci 2023. godine prikupila rekordnih 6 milijardi i 931 milion KM [&hellip;]<\/p>\n","protected":false},"author":2,"featured_media":37222,"comment_status":"closed","ping_status":"closed","sticky":false,"template":"","format":"standard","meta":{"_acf_changed":false,"_et_pb_use_builder":"","_et_pb_old_content":"","_et_gb_content_width":"","footnotes":""},"categories":[36],"tags":[],"class_list":["post-37226","post","type-post","status-publish","format-standard","has-post-thumbnail","hentry","category-novosti"],"acf":[],"yoast_head":"<!-- This site is optimized with the Yoast SEO plugin v27.4 - https:\/\/yoast.com\/product\/yoast-seo-wordpress\/ -->\n<title>Kri\u0161to i Tegeltija razgovarali o radu UIO - Uprava za indirektno \/ neizravno oporezivanje BiH<\/title>\n<meta name=\"robots\" content=\"index, follow, max-snippet:-1, max-image-preview:large, max-video-preview:-1\" \/>\n<link rel=\"canonical\" href=\"https:\/\/www.uino.gov.ba\/portal\/bs\/novosti\/kristo-i-tegeltija-razgovarali-o-radu-uio-bih\/\" \/>\n<meta property=\"og:locale\" content=\"en_US\" \/>\n<meta property=\"og:type\" content=\"article\" \/>\n<meta property=\"og:title\" content=\"Kri\u0161to i Tegeltija razgovarali o radu UIO - Uprava za indirektno \/ neizravno oporezivanje BiH\" \/>\n<meta property=\"og:description\" content=\"Predsjedavaju\u0107a Vije\u0107a ministara BiH Borjana Kri\u0161to danas je u Banjoj Luci sa direktorom Uprave za indirektno oporezivanje (UIO) dr. Zoranom Tegeltijom razgovarala o funkcioniranju Uprave i budu\u0107im planiranim aktivnostima. Tokom sastanka ukazano je na zna\u010daj rada Uprave za indirektno oporezivanje koja je u osam mjeseci 2023. godine prikupila rekordnih 6 milijardi i 931 milion KM [&hellip;]\" \/>\n<meta property=\"og:url\" content=\"https:\/\/www.uino.gov.ba\/portal\/bs\/novosti\/kristo-i-tegeltija-razgovarali-o-radu-uio-bih\/\" \/>\n<meta property=\"og:site_name\" content=\"Uprava za indirektno \/ neizravno oporezivanje BiH\" \/>\n<meta property=\"article:published_time\" content=\"2023-09-21T12:24:47+00:00\" \/>\n<meta property=\"article:modified_time\" content=\"2023-09-21T13:59:16+00:00\" \/>\n<meta property=\"og:image\" content=\"https:\/\/www.uino.gov.ba\/portal\/wp-content\/uploads\/4-SAOPSTENJA\/2023\/21-09-23\/Posjeta-predsjedavajuce-Vijeca-ministara-21-09-2023.jpg\" \/>\n\t<meta property=\"og:image:width\" content=\"1200\" \/>\n\t<meta property=\"og:image:height\" content=\"771\" \/>\n\t<meta property=\"og:image:type\" content=\"image\/jpeg\" \/>\n<meta name=\"author\" content=\"dzenan.k\" \/>\n<meta name=\"twitter:card\" content=\"summary_large_image\" \/>\n<meta name=\"twitter:label1\" content=\"Written by\" \/>\n\t<meta name=\"twitter:data1\" content=\"dzenan.k\" \/>\n\t<meta name=\"twitter:label2\" content=\"Est. reading time\" \/>\n\t<meta name=\"twitter:data2\" content=\"1 minute\" \/>\n<script type=\"application\/ld+json\" class=\"yoast-schema-graph\">{\"@context\":\"https:\\\/\\\/schema.org\",\"@graph\":[{\"@type\":\"Article\",\"@id\":\"https:\\\/\\\/www.uino.gov.ba\\\/portal\\\/bs\\\/novosti\\\/kristo-i-tegeltija-razgovarali-o-radu-uio-bih\\\/#article\",\"isPartOf\":{\"@id\":\"https:\\\/\\\/www.uino.gov.ba\\\/portal\\\/bs\\\/novosti\\\/kristo-i-tegeltija-razgovarali-o-radu-uio-bih\\\/\"},\"author\":{\"name\":\"dzenan.k\",\"@id\":\"https:\\\/\\\/www.uino.gov.ba\\\/portal\\\/#\\\/schema\\\/person\\\/7e08ae05a155bd4e8ef3f99e9e0fc985\"},\"headline\":\"Kri\u0161to i Tegeltija razgovarali o radu UIO\",\"datePublished\":\"2023-09-21T12:24:47+00:00\",\"dateModified\":\"2023-09-21T13:59:16+00:00\",\"mainEntityOfPage\":{\"@id\":\"https:\\\/\\\/www.uino.gov.ba\\\/portal\\\/bs\\\/novosti\\\/kristo-i-tegeltija-razgovarali-o-radu-uio-bih\\\/\"},\"wordCount\":280,\"image\":{\"@id\":\"https:\\\/\\\/www.uino.gov.ba\\\/portal\\\/bs\\\/novosti\\\/kristo-i-tegeltija-razgovarali-o-radu-uio-bih\\\/#primaryimage\"},\"thumbnailUrl\":\"https:\\\/\\\/www.uino.gov.ba\\\/portal\\\/wp-content\\\/uploads\\\/4-SAOPSTENJA\\\/2023\\\/21-09-23\\\/Posjeta-predsjedavajuce-Vijeca-ministara-21-09-2023.jpg\",\"articleSection\":[\"Novosti\"],\"inLanguage\":\"en-US\"},{\"@type\":\"WebPage\",\"@id\":\"https:\\\/\\\/www.uino.gov.ba\\\/portal\\\/bs\\\/novosti\\\/kristo-i-tegeltija-razgovarali-o-radu-uio-bih\\\/\",\"url\":\"https:\\\/\\\/www.uino.gov.ba\\\/portal\\\/bs\\\/novosti\\\/kristo-i-tegeltija-razgovarali-o-radu-uio-bih\\\/\",\"name\":\"Kri\u0161to i Tegeltija razgovarali o radu UIO - Uprava za indirektno \\\/ neizravno oporezivanje BiH\",\"isPartOf\":{\"@id\":\"https:\\\/\\\/www.uino.gov.ba\\\/portal\\\/#website\"},\"primaryImageOfPage\":{\"@id\":\"https:\\\/\\\/www.uino.gov.ba\\\/portal\\\/bs\\\/novosti\\\/kristo-i-tegeltija-razgovarali-o-radu-uio-bih\\\/#primaryimage\"},\"image\":{\"@id\":\"https:\\\/\\\/www.uino.gov.ba\\\/portal\\\/bs\\\/novosti\\\/kristo-i-tegeltija-razgovarali-o-radu-uio-bih\\\/#primaryimage\"},\"thumbnailUrl\":\"https:\\\/\\\/www.uino.gov.ba\\\/portal\\\/wp-content\\\/uploads\\\/4-SAOPSTENJA\\\/2023\\\/21-09-23\\\/Posjeta-predsjedavajuce-Vijeca-ministara-21-09-2023.jpg\",\"datePublished\":\"2023-09-21T12:24:47+00:00\",\"dateModified\":\"2023-09-21T13:59:16+00:00\",\"author\":{\"@id\":\"https:\\\/\\\/www.uino.gov.ba\\\/portal\\\/#\\\/schema\\\/person\\\/7e08ae05a155bd4e8ef3f99e9e0fc985\"},\"breadcrumb\":{\"@id\":\"https:\\\/\\\/www.uino.gov.ba\\\/portal\\\/bs\\\/novosti\\\/kristo-i-tegeltija-razgovarali-o-radu-uio-bih\\\/#breadcrumb\"},\"inLanguage\":\"en-US\",\"potentialAction\":[{\"@type\":\"ReadAction\",\"target\":[\"https:\\\/\\\/www.uino.gov.ba\\\/portal\\\/bs\\\/novosti\\\/kristo-i-tegeltija-razgovarali-o-radu-uio-bih\\\/\"]}]},{\"@type\":\"ImageObject\",\"inLanguage\":\"en-US\",\"@id\":\"https:\\\/\\\/www.uino.gov.ba\\\/portal\\\/bs\\\/novosti\\\/kristo-i-tegeltija-razgovarali-o-radu-uio-bih\\\/#primaryimage\",\"url\":\"https:\\\/\\\/www.uino.gov.ba\\\/portal\\\/wp-content\\\/uploads\\\/4-SAOPSTENJA\\\/2023\\\/21-09-23\\\/Posjeta-predsjedavajuce-Vijeca-ministara-21-09-2023.jpg\",\"contentUrl\":\"https:\\\/\\\/www.uino.gov.ba\\\/portal\\\/wp-content\\\/uploads\\\/4-SAOPSTENJA\\\/2023\\\/21-09-23\\\/Posjeta-predsjedavajuce-Vijeca-ministara-21-09-2023.jpg\",\"width\":1200,\"height\":771},{\"@type\":\"BreadcrumbList\",\"@id\":\"https:\\\/\\\/www.uino.gov.ba\\\/portal\\\/bs\\\/novosti\\\/kristo-i-tegeltija-razgovarali-o-radu-uio-bih\\\/#breadcrumb\",\"itemListElement\":[{\"@type\":\"ListItem\",\"position\":1,\"name\":\"\",\"item\":\"https:\\\/\\\/www.uino.gov.ba\\\/portal\\\/bs\\\/\"},{\"@type\":\"ListItem\",\"position\":2,\"name\":\"Novosti\",\"item\":\"https:\\\/\\\/www.uino.gov.ba\\\/portal\\\/bs\\\/novosti\\\/\"},{\"@type\":\"ListItem\",\"position\":3,\"name\":\"Kri\u0161to i Tegeltija razgovarali o radu UIO\"}]},{\"@type\":\"WebSite\",\"@id\":\"https:\\\/\\\/www.uino.gov.ba\\\/portal\\\/#website\",\"url\":\"https:\\\/\\\/www.uino.gov.ba\\\/portal\\\/\",\"name\":\"Uprava za indirektno \\\/ neizravno oporezivanje BiH\",\"description\":\"\",\"potentialAction\":[{\"@type\":\"SearchAction\",\"target\":{\"@type\":\"EntryPoint\",\"urlTemplate\":\"https:\\\/\\\/www.uino.gov.ba\\\/portal\\\/?s={search_term_string}\"},\"query-input\":{\"@type\":\"PropertyValueSpecification\",\"valueRequired\":true,\"valueName\":\"search_term_string\"}}],\"inLanguage\":\"en-US\"},{\"@type\":\"Person\",\"@id\":\"https:\\\/\\\/www.uino.gov.ba\\\/portal\\\/#\\\/schema\\\/person\\\/7e08ae05a155bd4e8ef3f99e9e0fc985\",\"name\":\"dzenan.k\",\"image\":{\"@type\":\"ImageObject\",\"inLanguage\":\"en-US\",\"@id\":\"https:\\\/\\\/secure.gravatar.com\\\/avatar\\\/8381504bb29898236f08b86317cd3c6e6c291e88000a4a555fafa7ba6753e872?s=96&d=mm&r=g\",\"url\":\"https:\\\/\\\/secure.gravatar.com\\\/avatar\\\/8381504bb29898236f08b86317cd3c6e6c291e88000a4a555fafa7ba6753e872?s=96&d=mm&r=g\",\"contentUrl\":\"https:\\\/\\\/secure.gravatar.com\\\/avatar\\\/8381504bb29898236f08b86317cd3c6e6c291e88000a4a555fafa7ba6753e872?s=96&d=mm&r=g\",\"caption\":\"dzenan.k\"}}]}<\/script>\n<!-- \/ Yoast SEO plugin. -->","yoast_head_json":{"title":"Kri\u0161to i Tegeltija razgovarali o radu UIO - Uprava za indirektno \/ neizravno oporezivanje BiH","robots":{"index":"index","follow":"follow","max-snippet":"max-snippet:-1","max-image-preview":"max-image-preview:large","max-video-preview":"max-video-preview:-1"},"canonical":"https:\/\/www.uino.gov.ba\/portal\/bs\/novosti\/kristo-i-tegeltija-razgovarali-o-radu-uio-bih\/","og_locale":"en_US","og_type":"article","og_title":"Kri\u0161to i Tegeltija razgovarali o radu UIO - Uprava za indirektno \/ neizravno oporezivanje BiH","og_description":"Predsjedavaju\u0107a Vije\u0107a ministara BiH Borjana Kri\u0161to danas je u Banjoj Luci sa direktorom Uprave za indirektno oporezivanje (UIO) dr. Zoranom Tegeltijom razgovarala o funkcioniranju Uprave i budu\u0107im planiranim aktivnostima. Tokom sastanka ukazano je na zna\u010daj rada Uprave za indirektno oporezivanje koja je u osam mjeseci 2023. godine prikupila rekordnih 6 milijardi i 931 milion KM [&hellip;]","og_url":"https:\/\/www.uino.gov.ba\/portal\/bs\/novosti\/kristo-i-tegeltija-razgovarali-o-radu-uio-bih\/","og_site_name":"Uprava za indirektno \/ neizravno oporezivanje BiH","article_published_time":"2023-09-21T12:24:47+00:00","article_modified_time":"2023-09-21T13:59:16+00:00","og_image":[{"width":1200,"height":771,"url":"https:\/\/www.uino.gov.ba\/portal\/wp-content\/uploads\/4-SAOPSTENJA\/2023\/21-09-23\/Posjeta-predsjedavajuce-Vijeca-ministara-21-09-2023.jpg","type":"image\/jpeg"}],"author":"dzenan.k","twitter_card":"summary_large_image","twitter_misc":{"Written by":"dzenan.k","Est. reading time":"1 minute"},"schema":{"@context":"https:\/\/schema.org","@graph":[{"@type":"Article","@id":"https:\/\/www.uino.gov.ba\/portal\/bs\/novosti\/kristo-i-tegeltija-razgovarali-o-radu-uio-bih\/#article","isPartOf":{"@id":"https:\/\/www.uino.gov.ba\/portal\/bs\/novosti\/kristo-i-tegeltija-razgovarali-o-radu-uio-bih\/"},"author":{"name":"dzenan.k","@id":"https:\/\/www.uino.gov.ba\/portal\/#\/schema\/person\/7e08ae05a155bd4e8ef3f99e9e0fc985"},"headline":"Kri\u0161to i Tegeltija razgovarali o radu UIO","datePublished":"2023-09-21T12:24:47+00:00","dateModified":"2023-09-21T13:59:16+00:00","mainEntityOfPage":{"@id":"https:\/\/www.uino.gov.ba\/portal\/bs\/novosti\/kristo-i-tegeltija-razgovarali-o-radu-uio-bih\/"},"wordCount":280,"image":{"@id":"https:\/\/www.uino.gov.ba\/portal\/bs\/novosti\/kristo-i-tegeltija-razgovarali-o-radu-uio-bih\/#primaryimage"},"thumbnailUrl":"https:\/\/www.uino.gov.ba\/portal\/wp-content\/uploads\/4-SAOPSTENJA\/2023\/21-09-23\/Posjeta-predsjedavajuce-Vijeca-ministara-21-09-2023.jpg","articleSection":["Novosti"],"inLanguage":"en-US"},{"@type":"WebPage","@id":"https:\/\/www.uino.gov.ba\/portal\/bs\/novosti\/kristo-i-tegeltija-razgovarali-o-radu-uio-bih\/","url":"https:\/\/www.uino.gov.ba\/portal\/bs\/novosti\/kristo-i-tegeltija-razgovarali-o-radu-uio-bih\/","name":"Kri\u0161to i Tegeltija razgovarali o radu UIO - Uprava za indirektno \/ neizravno oporezivanje BiH","isPartOf":{"@id":"https:\/\/www.uino.gov.ba\/portal\/#website"},"primaryImageOfPage":{"@id":"https:\/\/www.uino.gov.ba\/portal\/bs\/novosti\/kristo-i-tegeltija-razgovarali-o-radu-uio-bih\/#primaryimage"},"image":{"@id":"https:\/\/www.uino.gov.ba\/portal\/bs\/novosti\/kristo-i-tegeltija-razgovarali-o-radu-uio-bih\/#primaryimage"},"thumbnailUrl":"https:\/\/www.uino.gov.ba\/portal\/wp-content\/uploads\/4-SAOPSTENJA\/2023\/21-09-23\/Posjeta-predsjedavajuce-Vijeca-ministara-21-09-2023.jpg","datePublished":"2023-09-21T12:24:47+00:00","dateModified":"2023-09-21T13:59:16+00:00","author":{"@id":"https:\/\/www.uino.gov.ba\/portal\/#\/schema\/person\/7e08ae05a155bd4e8ef3f99e9e0fc985"},"breadcrumb":{"@id":"https:\/\/www.uino.gov.ba\/portal\/bs\/novosti\/kristo-i-tegeltija-razgovarali-o-radu-uio-bih\/#breadcrumb"},"inLanguage":"en-US","potentialAction":[{"@type":"ReadAction","target":["https:\/\/www.uino.gov.ba\/portal\/bs\/novosti\/kristo-i-tegeltija-razgovarali-o-radu-uio-bih\/"]}]},{"@type":"ImageObject","inLanguage":"en-US","@id":"https:\/\/www.uino.gov.ba\/portal\/bs\/novosti\/kristo-i-tegeltija-razgovarali-o-radu-uio-bih\/#primaryimage","url":"https:\/\/www.uino.gov.ba\/portal\/wp-content\/uploads\/4-SAOPSTENJA\/2023\/21-09-23\/Posjeta-predsjedavajuce-Vijeca-ministara-21-09-2023.jpg","contentUrl":"https:\/\/www.uino.gov.ba\/portal\/wp-content\/uploads\/4-SAOPSTENJA\/2023\/21-09-23\/Posjeta-predsjedavajuce-Vijeca-ministara-21-09-2023.jpg","width":1200,"height":771},{"@type":"BreadcrumbList","@id":"https:\/\/www.uino.gov.ba\/portal\/bs\/novosti\/kristo-i-tegeltija-razgovarali-o-radu-uio-bih\/#breadcrumb","itemListElement":[{"@type":"ListItem","position":1,"name":"","item":"https:\/\/www.uino.gov.ba\/portal\/bs\/"},{"@type":"ListItem","position":2,"name":"Novosti","item":"https:\/\/www.uino.gov.ba\/portal\/bs\/novosti\/"},{"@type":"ListItem","position":3,"name":"Kri\u0161to i Tegeltija razgovarali o radu UIO"}]},{"@type":"WebSite","@id":"https:\/\/www.uino.gov.ba\/portal\/#website","url":"https:\/\/www.uino.gov.ba\/portal\/","name":"Uprava za indirektno \/ neizravno oporezivanje BiH","description":"","potentialAction":[{"@type":"SearchAction","target":{"@type":"EntryPoint","urlTemplate":"https:\/\/www.uino.gov.ba\/portal\/?s={search_term_string}"},"query-input":{"@type":"PropertyValueSpecification","valueRequired":true,"valueName":"search_term_string"}}],"inLanguage":"en-US"},{"@type":"Person","@id":"https:\/\/www.uino.gov.ba\/portal\/#\/schema\/person\/7e08ae05a155bd4e8ef3f99e9e0fc985","name":"dzenan.k","image":{"@type":"ImageObject","inLanguage":"en-US","@id":"https:\/\/secure.gravatar.com\/avatar\/8381504bb29898236f08b86317cd3c6e6c291e88000a4a555fafa7ba6753e872?s=96&d=mm&r=g","url":"https:\/\/secure.gravatar.com\/avatar\/8381504bb29898236f08b86317cd3c6e6c291e88000a4a555fafa7ba6753e872?s=96&d=mm&r=g","contentUrl":"https:\/\/secure.gravatar.com\/avatar\/8381504bb29898236f08b86317cd3c6e6c291e88000a4a555fafa7ba6753e872?s=96&d=mm&r=g","caption":"dzenan.k"}}]}},"publishpress_future_action":{"enabled":false,"date":"2026-05-04 05:52:17","action":"change-status","newStatus":"draft","terms":[],"taxonomy":"category","extraData":[]},"publishpress_future_workflow_manual_trigger":{"enabledWorkflows":[]},"_links":{"self":[{"href":"https:\/\/www.uino.gov.ba\/portal\/wp-json\/wp\/v2\/posts\/37226","targetHints":{"allow":["GET"]}}],"collection":[{"href":"https:\/\/www.uino.gov.ba\/portal\/wp-json\/wp\/v2\/posts"}],"about":[{"href":"https:\/\/www.uino.gov.ba\/portal\/wp-json\/wp\/v2\/types\/post"}],"author":[{"embeddable":true,"href":"https:\/\/www.uino.gov.ba\/portal\/wp-json\/wp\/v2\/users\/2"}],"replies":[{"embeddable":true,"href":"https:\/\/www.uino.gov.ba\/portal\/wp-json\/wp\/v2\/comments?post=37226"}],"version-history":[{"count":4,"href":"https:\/\/www.uino.gov.ba\/portal\/wp-json\/wp\/v2\/posts\/37226\/revisions"}],"predecessor-version":[{"id":37244,"href":"https:\/\/www.uino.gov.ba\/portal\/wp-json\/wp\/v2\/posts\/37226\/revisions\/37244"}],"wp:featuredmedia":[{"embeddable":true,"href":"https:\/\/www.uino.gov.ba\/portal\/wp-json\/wp\/v2\/media\/37222"}],"wp:attachment":[{"href":"https:\/\/www.uino.gov.ba\/portal\/wp-json\/wp\/v2\/media?parent=37226"}],"wp:term":[{"taxonomy":"category","embeddable":true,"href":"https:\/\/www.uino.gov.ba\/portal\/wp-json\/wp\/v2\/categories?post=37226"},{"taxonomy":"post_tag","embeddable":true,"href":"https:\/\/www.uino.gov.ba\/portal\/wp-json\/wp\/v2\/tags?post=37226"}],"curies":[{"name":"wp","href":"https:\/\/api.w.org\/{rel}","templated":true}]}}