{"id":35703,"date":"2023-07-04T08:22:03","date_gmt":"2023-07-04T06:22:03","guid":{"rendered":"https:\/\/www.uino.gov.ba\/portal\/?p=35703"},"modified":"2023-07-10T15:16:36","modified_gmt":"2023-07-10T13:16:36","slug":"sudjelovanje-predstavnika-uno-na-141-142-zasjedanju-vijeca-svjetske-carinske-organizacije-izbor-novog-generalnog-tajnika-sco-a-i-predsjedatelja-vijeca-sco-a","status":"publish","type":"post","link":"https:\/\/www.uino.gov.ba\/portal\/hr\/novosti-hr\/sudjelovanje-predstavnika-uno-na-141-142-zasjedanju-vijeca-svjetske-carinske-organizacije-izbor-novog-generalnog-tajnika-sco-a-i-predsjedatelja-vijeca-sco-a\/","title":{"rendered":"Sudjelovanje predstavnika UNO na zasjedanju Vije\u0107a Svjetske carinske organizacije &#8211; Izbor novog Generalnog tajnika SCO-a i Predsjedatelja Vije\u0107a SCO-a"},"content":{"rendered":"<p style=\"text-align: justify;\">Predstavnici UNO, Ognjen Alagi\u0107 i Nata\u0161a Doj\u010dinovi\u0107-Trti\u0107, sudjelovali su na 141.\/142. zasjedanju Vije\u0107a Svjetske carinske organizacije (SCO), najvi\u0161eg tijela SCO-a koje donosi sve odluke u svezi s radom i aktivnostima pomenute organizacije, a odr\u017eano je u sjedi\u0161tu SCO-a u Briselu, Kraljevina Belgija, od 22.06. do 24.06.2023. godine. Od ukupno 185 zemlja \u010dlanica, na ovogodi\u0161njem zasjedanju sudjelovale su delegacije 164 zemlje \u010dlanice SCO-a, sa aktivnim statusom, odnosno pravom glasa.<\/p>\n<p style=\"text-align: justify;\">Vije\u0107em je predsjedavao gospodin Ahmed Al Kalifa, generalni ravnatelj carinske administracije Bahreina i odlaze\u0107i predsjedatelj Vije\u0107a SCO-a.<\/p>\n<p><img loading=\"lazy\" decoding=\"async\" class=\"size-medium wp-image-35694 aligncenter\" src=\"https:\/\/www.uino.gov.ba\/portal\/wp-content\/uploads\/4-SAOPSTENJA\/2023\/04-07-23\/04-07-23-Samit-2-300x169.jpg\" alt=\"\" width=\"300\" height=\"169\" \/><\/p>\n<p>Na zasjedanju su analizirani rad i aktivnosti SCO-a u proteklih godinu dana, uz diskusije koje su se ticale me\u0111unarodnih standarda, svih donesenih dokumenata, te preporu\u010denih praksi koje su razvila razli\u010dita radna tijela SCO-a u cilju pobolj\u0161anja upravljanja prekograni\u010dnom trgovinom.<\/p>\n<p>Vije\u0107e je fokusiralo svoja razmatranja na razli\u010dite oblasti rada carine, uklju\u010duju\u0107i izgradnju kapaciteta, pravila o podrijetlu, carinskom vrednovanju, nomenklaturu i klasifikaciju, uskla\u0111enost i olak\u0161ice u trgovini, kao i na prora\u010dunska i financijska pitanja.<\/p>\n<p>Vije\u0107e je primilo k znanju napredak ostvaren u provo\u0111enju Strate\u0161kog plana 2022-2025, posebno u klju\u010dnim oblastima kao \u0161to su tehnologija i inovacija, zelene carine i upravljanja i odgovornosti.<\/p>\n<p>Prepoznaju\u0107i \u017eurnu potrebu da se carina pozabavi pitanjima \u017eivotne sredine, Vije\u0107e je odobrilo akcioni plan zelene carine (Green Customs). Pored toga, Vije\u0107e je usvojilo tri preporuke Harmoniziranog sustava (HS) koje imaju za cilj da pobolj\u0161aju pra\u0107enje kretanja otpadnih ulja, odre\u0111enih supstanci koje su kontrolirane Roterdamskom konvencijom i supstanci koje su kontrolirane Konvencijom o zabrani razvoja, proizvodnje, skladi\u0161tenja i upotrebe kemijskog oru\u017eja i njihovom uni\u0161tavanju.<\/p>\n<p>Delegati su izrazili podr\u0161ku novorazvijenom Akcionom planu SCO o krhkim granicama i situacijama pogo\u0111enim sukobima, nagla\u0161avaju\u0107i va\u017enost prilago\u0111avanja carine takvim kontekstima.<\/p>\n<p>Tijekom same sjednice, \u0161efovi delegacija zemalja \u010dlanica izabrali su Jana Sandersa iz Sjedinjenih Dr\u017eava za novog Generalnog tajnika Svjetske carinske organizacije na petogodi\u0161nji mandat, po\u010dev od 01.01.2024. godine. Tako\u0111er su izabrali i Edvarda Kisvetera iz Ju\u017ene Afrike, kao novog predsjedatelja Vije\u0107a SCO-a.<\/p>\n<p>Na ovogodi\u0161njem zasjedanju UNO je podr\u017eala kandidata Sjedinjenih Ameri\u010dkih Dr\u017eava, za novog Generalnog tajnika Svjetske carinske organizacije.<\/p>\n<p><img loading=\"lazy\" decoding=\"async\" class=\"alignnone size-medium wp-image-35695 aligncenter\" src=\"https:\/\/www.uino.gov.ba\/portal\/wp-content\/uploads\/4-SAOPSTENJA\/2023\/04-07-23\/04-07-23-Samit-3-169x300.jpg\" alt=\"\" width=\"169\" height=\"300\" \/><\/p>\n<p>Na pomenutom zasjedanju, Gambija je deponirala svoj instrument pristupa Me\u0111unarodnoj konvenciji o pojednostavljenju i harmonizaciji carinskih procedura (Revidirana Kjoto konvencija), \u010dime je postala 134. ugovorna strana Konvencije.<\/p>\n<p>Tako\u0111er, delegati su nazo\u010dili potpisivanju nekoliko memoranduma o razumijevanju, i to:<\/p>\n<ul>\n<li>MoR o formalizaciji uspostavljanja Regionalnog ureda za izgradnju kapaciteta u Ujedinjenim Arapskim Emiratima;<\/li>\n<li>MoR o priznavanju regionalnih centara za obuku pasa u Australiji, Hong Kongu (Kina) i Indoneziji; i<\/li>\n<li>MoR o priznavanju Programa Regionalnog carinskog laboratorija u Indiji.<\/li>\n<\/ul>\n<p>Carinska uprava Al\u017eira pobijedila je na ovogodi\u0161njem foto konkursu, a koje takmi\u010denje se tradicionalno odr\u017eava svake godine. Pobjedni\u010dka fotografija prikazuje kako se carinski slu\u017ebenici prilago\u0111avaju promjenjivom radnom okru\u017eenju i klimatskim uvjetima, dok obavljaju svoju misiju za\u0161tite granica, u suradnji sa drugim grani\u010dnim agencijama.<\/p>\n<p><img loading=\"lazy\" decoding=\"async\" class=\"size-medium wp-image-35696 aligncenter\" src=\"https:\/\/www.uino.gov.ba\/portal\/wp-content\/uploads\/4-SAOPSTENJA\/2023\/04-07-23\/04-07-23-Samit-4-300x214.jpg\" alt=\"\" width=\"300\" height=\"214\" \/><\/p>\n","protected":false},"excerpt":{"rendered":"<p>Predstavnici UNO, Ognjen Alagi\u0107 i Nata\u0161a Doj\u010dinovi\u0107-Trti\u0107, sudjelovali su na 141.\/142. zasjedanju Vije\u0107a Svjetske carinske organizacije (SCO), najvi\u0161eg tijela SCO-a koje donosi sve odluke u svezi s radom i aktivnostima pomenute organizacije, a odr\u017eano je u sjedi\u0161tu SCO-a u Briselu, Kraljevina Belgija, od 22.06. do 24.06.2023. godine. Od ukupno 185 zemlja \u010dlanica, na ovogodi\u0161njem zasjedanju [&hellip;]<\/p>\n","protected":false},"author":2,"featured_media":35697,"comment_status":"closed","ping_status":"closed","sticky":false,"template":"","format":"standard","meta":{"_acf_changed":false,"_et_pb_use_builder":"","_et_pb_old_content":"","_et_gb_content_width":"","footnotes":""},"categories":[118],"tags":[],"class_list":["post-35703","post","type-post","status-publish","format-standard","has-post-thumbnail","hentry","category-novosti-hr"],"acf":[],"yoast_head":"<!-- This site is optimized with the Yoast SEO plugin v27.5 - https:\/\/yoast.com\/product\/yoast-seo-wordpress\/ -->\n<title>Sudjelovanje predstavnika UNO na zasjedanju Vije\u0107a Svjetske carinske organizacije - Izbor novog Generalnog tajnika SCO-a i Predsjedatelja Vije\u0107a SCO-a - Uprava za indirektno \/ neizravno oporezivanje BiH<\/title>\n<meta name=\"robots\" content=\"index, follow, max-snippet:-1, max-image-preview:large, max-video-preview:-1\" \/>\n<link rel=\"canonical\" href=\"https:\/\/www.uino.gov.ba\/portal\/hr\/novosti-hr\/sudjelovanje-predstavnika-uno-na-141-142-zasjedanju-vijeca-svjetske-carinske-organizacije-izbor-novog-generalnog-tajnika-sco-a-i-predsjedatelja-vijeca-sco-a\/\" \/>\n<meta property=\"og:locale\" content=\"en_US\" \/>\n<meta property=\"og:type\" content=\"article\" \/>\n<meta property=\"og:title\" content=\"Sudjelovanje predstavnika UNO na zasjedanju Vije\u0107a Svjetske carinske organizacije - Izbor novog Generalnog tajnika SCO-a i Predsjedatelja Vije\u0107a SCO-a - Uprava za indirektno \/ neizravno oporezivanje BiH\" \/>\n<meta property=\"og:description\" content=\"Predstavnici UNO, Ognjen Alagi\u0107 i Nata\u0161a Doj\u010dinovi\u0107-Trti\u0107, sudjelovali su na 141.\/142. zasjedanju Vije\u0107a Svjetske carinske organizacije (SCO), najvi\u0161eg tijela SCO-a koje donosi sve odluke u svezi s radom i aktivnostima pomenute organizacije, a odr\u017eano je u sjedi\u0161tu SCO-a u Briselu, Kraljevina Belgija, od 22.06. do 24.06.2023. godine. Od ukupno 185 zemlja \u010dlanica, na ovogodi\u0161njem zasjedanju [&hellip;]\" \/>\n<meta property=\"og:url\" content=\"https:\/\/www.uino.gov.ba\/portal\/hr\/novosti-hr\/sudjelovanje-predstavnika-uno-na-141-142-zasjedanju-vijeca-svjetske-carinske-organizacije-izbor-novog-generalnog-tajnika-sco-a-i-predsjedatelja-vijeca-sco-a\/\" \/>\n<meta property=\"og:site_name\" content=\"Uprava za indirektno \/ neizravno oporezivanje BiH\" \/>\n<meta property=\"article:published_time\" content=\"2023-07-04T06:22:03+00:00\" \/>\n<meta property=\"article:modified_time\" content=\"2023-07-10T13:16:36+00:00\" \/>\n<meta property=\"og:image\" content=\"https:\/\/www.uino.gov.ba\/portal\/wp-content\/uploads\/4-SAOPSTENJA\/2023\/04-07-23\/04-07-23-Samit-1.jpg\" \/>\n\t<meta property=\"og:image:width\" content=\"1379\" \/>\n\t<meta property=\"og:image:height\" content=\"919\" \/>\n\t<meta property=\"og:image:type\" content=\"image\/jpeg\" \/>\n<meta name=\"author\" content=\"dzenan.k\" \/>\n<meta name=\"twitter:card\" content=\"summary_large_image\" \/>\n<meta name=\"twitter:label1\" content=\"Written by\" \/>\n\t<meta name=\"twitter:data1\" content=\"dzenan.k\" \/>\n\t<meta name=\"twitter:label2\" content=\"Est. reading time\" \/>\n\t<meta name=\"twitter:data2\" content=\"3 minutes\" \/>\n<script type=\"application\/ld+json\" class=\"yoast-schema-graph\">{\"@context\":\"https:\\\/\\\/schema.org\",\"@graph\":[{\"@type\":\"Article\",\"@id\":\"https:\\\/\\\/www.uino.gov.ba\\\/portal\\\/hr\\\/novosti-hr\\\/sudjelovanje-predstavnika-uno-na-141-142-zasjedanju-vijeca-svjetske-carinske-organizacije-izbor-novog-generalnog-tajnika-sco-a-i-predsjedatelja-vijeca-sco-a\\\/#article\",\"isPartOf\":{\"@id\":\"https:\\\/\\\/www.uino.gov.ba\\\/portal\\\/hr\\\/novosti-hr\\\/sudjelovanje-predstavnika-uno-na-141-142-zasjedanju-vijeca-svjetske-carinske-organizacije-izbor-novog-generalnog-tajnika-sco-a-i-predsjedatelja-vijeca-sco-a\\\/\"},\"author\":{\"name\":\"dzenan.k\",\"@id\":\"https:\\\/\\\/www.uino.gov.ba\\\/portal\\\/#\\\/schema\\\/person\\\/7e08ae05a155bd4e8ef3f99e9e0fc985\"},\"headline\":\"Sudjelovanje predstavnika UNO na zasjedanju Vije\u0107a Svjetske carinske organizacije &#8211; Izbor novog Generalnog tajnika SCO-a i Predsjedatelja Vije\u0107a SCO-a\",\"datePublished\":\"2023-07-04T06:22:03+00:00\",\"dateModified\":\"2023-07-10T13:16:36+00:00\",\"mainEntityOfPage\":{\"@id\":\"https:\\\/\\\/www.uino.gov.ba\\\/portal\\\/hr\\\/novosti-hr\\\/sudjelovanje-predstavnika-uno-na-141-142-zasjedanju-vijeca-svjetske-carinske-organizacije-izbor-novog-generalnog-tajnika-sco-a-i-predsjedatelja-vijeca-sco-a\\\/\"},\"wordCount\":527,\"image\":{\"@id\":\"https:\\\/\\\/www.uino.gov.ba\\\/portal\\\/hr\\\/novosti-hr\\\/sudjelovanje-predstavnika-uno-na-141-142-zasjedanju-vijeca-svjetske-carinske-organizacije-izbor-novog-generalnog-tajnika-sco-a-i-predsjedatelja-vijeca-sco-a\\\/#primaryimage\"},\"thumbnailUrl\":\"https:\\\/\\\/www.uino.gov.ba\\\/portal\\\/wp-content\\\/uploads\\\/4-SAOPSTENJA\\\/2023\\\/04-07-23\\\/04-07-23-Samit-1.jpg\",\"articleSection\":[\"Novosti\"],\"inLanguage\":\"en-US\"},{\"@type\":\"WebPage\",\"@id\":\"https:\\\/\\\/www.uino.gov.ba\\\/portal\\\/hr\\\/novosti-hr\\\/sudjelovanje-predstavnika-uno-na-141-142-zasjedanju-vijeca-svjetske-carinske-organizacije-izbor-novog-generalnog-tajnika-sco-a-i-predsjedatelja-vijeca-sco-a\\\/\",\"url\":\"https:\\\/\\\/www.uino.gov.ba\\\/portal\\\/hr\\\/novosti-hr\\\/sudjelovanje-predstavnika-uno-na-141-142-zasjedanju-vijeca-svjetske-carinske-organizacije-izbor-novog-generalnog-tajnika-sco-a-i-predsjedatelja-vijeca-sco-a\\\/\",\"name\":\"Sudjelovanje predstavnika UNO na zasjedanju Vije\u0107a Svjetske carinske organizacije - Izbor novog Generalnog tajnika SCO-a i Predsjedatelja Vije\u0107a SCO-a - Uprava za indirektno \\\/ neizravno oporezivanje BiH\",\"isPartOf\":{\"@id\":\"https:\\\/\\\/www.uino.gov.ba\\\/portal\\\/#website\"},\"primaryImageOfPage\":{\"@id\":\"https:\\\/\\\/www.uino.gov.ba\\\/portal\\\/hr\\\/novosti-hr\\\/sudjelovanje-predstavnika-uno-na-141-142-zasjedanju-vijeca-svjetske-carinske-organizacije-izbor-novog-generalnog-tajnika-sco-a-i-predsjedatelja-vijeca-sco-a\\\/#primaryimage\"},\"image\":{\"@id\":\"https:\\\/\\\/www.uino.gov.ba\\\/portal\\\/hr\\\/novosti-hr\\\/sudjelovanje-predstavnika-uno-na-141-142-zasjedanju-vijeca-svjetske-carinske-organizacije-izbor-novog-generalnog-tajnika-sco-a-i-predsjedatelja-vijeca-sco-a\\\/#primaryimage\"},\"thumbnailUrl\":\"https:\\\/\\\/www.uino.gov.ba\\\/portal\\\/wp-content\\\/uploads\\\/4-SAOPSTENJA\\\/2023\\\/04-07-23\\\/04-07-23-Samit-1.jpg\",\"datePublished\":\"2023-07-04T06:22:03+00:00\",\"dateModified\":\"2023-07-10T13:16:36+00:00\",\"author\":{\"@id\":\"https:\\\/\\\/www.uino.gov.ba\\\/portal\\\/#\\\/schema\\\/person\\\/7e08ae05a155bd4e8ef3f99e9e0fc985\"},\"breadcrumb\":{\"@id\":\"https:\\\/\\\/www.uino.gov.ba\\\/portal\\\/hr\\\/novosti-hr\\\/sudjelovanje-predstavnika-uno-na-141-142-zasjedanju-vijeca-svjetske-carinske-organizacije-izbor-novog-generalnog-tajnika-sco-a-i-predsjedatelja-vijeca-sco-a\\\/#breadcrumb\"},\"inLanguage\":\"en-US\",\"potentialAction\":[{\"@type\":\"ReadAction\",\"target\":[\"https:\\\/\\\/www.uino.gov.ba\\\/portal\\\/hr\\\/novosti-hr\\\/sudjelovanje-predstavnika-uno-na-141-142-zasjedanju-vijeca-svjetske-carinske-organizacije-izbor-novog-generalnog-tajnika-sco-a-i-predsjedatelja-vijeca-sco-a\\\/\"]}]},{\"@type\":\"ImageObject\",\"inLanguage\":\"en-US\",\"@id\":\"https:\\\/\\\/www.uino.gov.ba\\\/portal\\\/hr\\\/novosti-hr\\\/sudjelovanje-predstavnika-uno-na-141-142-zasjedanju-vijeca-svjetske-carinske-organizacije-izbor-novog-generalnog-tajnika-sco-a-i-predsjedatelja-vijeca-sco-a\\\/#primaryimage\",\"url\":\"https:\\\/\\\/www.uino.gov.ba\\\/portal\\\/wp-content\\\/uploads\\\/4-SAOPSTENJA\\\/2023\\\/04-07-23\\\/04-07-23-Samit-1.jpg\",\"contentUrl\":\"https:\\\/\\\/www.uino.gov.ba\\\/portal\\\/wp-content\\\/uploads\\\/4-SAOPSTENJA\\\/2023\\\/04-07-23\\\/04-07-23-Samit-1.jpg\",\"width\":1379,\"height\":919},{\"@type\":\"BreadcrumbList\",\"@id\":\"https:\\\/\\\/www.uino.gov.ba\\\/portal\\\/hr\\\/novosti-hr\\\/sudjelovanje-predstavnika-uno-na-141-142-zasjedanju-vijeca-svjetske-carinske-organizacije-izbor-novog-generalnog-tajnika-sco-a-i-predsjedatelja-vijeca-sco-a\\\/#breadcrumb\",\"itemListElement\":[{\"@type\":\"ListItem\",\"position\":1,\"name\":\"\",\"item\":\"https:\\\/\\\/www.uino.gov.ba\\\/portal\\\/bs\\\/\"},{\"@type\":\"ListItem\",\"position\":2,\"name\":\"Novosti\",\"item\":\"https:\\\/\\\/www.uino.gov.ba\\\/portal\\\/hr\\\/novosti-hr\\\/\"},{\"@type\":\"ListItem\",\"position\":3,\"name\":\"Sudjelovanje predstavnika UNO na zasjedanju Vije\u0107a Svjetske carinske organizacije &#8211; Izbor novog Generalnog tajnika SCO-a i Predsjedatelja Vije\u0107a SCO-a\"}]},{\"@type\":\"WebSite\",\"@id\":\"https:\\\/\\\/www.uino.gov.ba\\\/portal\\\/#website\",\"url\":\"https:\\\/\\\/www.uino.gov.ba\\\/portal\\\/\",\"name\":\"Uprava za indirektno \\\/ neizravno oporezivanje BiH\",\"description\":\"\",\"potentialAction\":[{\"@type\":\"SearchAction\",\"target\":{\"@type\":\"EntryPoint\",\"urlTemplate\":\"https:\\\/\\\/www.uino.gov.ba\\\/portal\\\/?s={search_term_string}\"},\"query-input\":{\"@type\":\"PropertyValueSpecification\",\"valueRequired\":true,\"valueName\":\"search_term_string\"}}],\"inLanguage\":\"en-US\"},{\"@type\":\"Person\",\"@id\":\"https:\\\/\\\/www.uino.gov.ba\\\/portal\\\/#\\\/schema\\\/person\\\/7e08ae05a155bd4e8ef3f99e9e0fc985\",\"name\":\"dzenan.k\",\"image\":{\"@type\":\"ImageObject\",\"inLanguage\":\"en-US\",\"@id\":\"https:\\\/\\\/secure.gravatar.com\\\/avatar\\\/8381504bb29898236f08b86317cd3c6e6c291e88000a4a555fafa7ba6753e872?s=96&d=mm&r=g\",\"url\":\"https:\\\/\\\/secure.gravatar.com\\\/avatar\\\/8381504bb29898236f08b86317cd3c6e6c291e88000a4a555fafa7ba6753e872?s=96&d=mm&r=g\",\"contentUrl\":\"https:\\\/\\\/secure.gravatar.com\\\/avatar\\\/8381504bb29898236f08b86317cd3c6e6c291e88000a4a555fafa7ba6753e872?s=96&d=mm&r=g\",\"caption\":\"dzenan.k\"}}]}<\/script>\n<!-- \/ Yoast SEO plugin. -->","yoast_head_json":{"title":"Sudjelovanje predstavnika UNO na zasjedanju Vije\u0107a Svjetske carinske organizacije - Izbor novog Generalnog tajnika SCO-a i Predsjedatelja Vije\u0107a SCO-a - Uprava za indirektno \/ neizravno oporezivanje BiH","robots":{"index":"index","follow":"follow","max-snippet":"max-snippet:-1","max-image-preview":"max-image-preview:large","max-video-preview":"max-video-preview:-1"},"canonical":"https:\/\/www.uino.gov.ba\/portal\/hr\/novosti-hr\/sudjelovanje-predstavnika-uno-na-141-142-zasjedanju-vijeca-svjetske-carinske-organizacije-izbor-novog-generalnog-tajnika-sco-a-i-predsjedatelja-vijeca-sco-a\/","og_locale":"en_US","og_type":"article","og_title":"Sudjelovanje predstavnika UNO na zasjedanju Vije\u0107a Svjetske carinske organizacije - Izbor novog Generalnog tajnika SCO-a i Predsjedatelja Vije\u0107a SCO-a - Uprava za indirektno \/ neizravno oporezivanje BiH","og_description":"Predstavnici UNO, Ognjen Alagi\u0107 i Nata\u0161a Doj\u010dinovi\u0107-Trti\u0107, sudjelovali su na 141.\/142. zasjedanju Vije\u0107a Svjetske carinske organizacije (SCO), najvi\u0161eg tijela SCO-a koje donosi sve odluke u svezi s radom i aktivnostima pomenute organizacije, a odr\u017eano je u sjedi\u0161tu SCO-a u Briselu, Kraljevina Belgija, od 22.06. do 24.06.2023. godine. Od ukupno 185 zemlja \u010dlanica, na ovogodi\u0161njem zasjedanju [&hellip;]","og_url":"https:\/\/www.uino.gov.ba\/portal\/hr\/novosti-hr\/sudjelovanje-predstavnika-uno-na-141-142-zasjedanju-vijeca-svjetske-carinske-organizacije-izbor-novog-generalnog-tajnika-sco-a-i-predsjedatelja-vijeca-sco-a\/","og_site_name":"Uprava za indirektno \/ neizravno oporezivanje BiH","article_published_time":"2023-07-04T06:22:03+00:00","article_modified_time":"2023-07-10T13:16:36+00:00","og_image":[{"width":1379,"height":919,"url":"https:\/\/www.uino.gov.ba\/portal\/wp-content\/uploads\/4-SAOPSTENJA\/2023\/04-07-23\/04-07-23-Samit-1.jpg","type":"image\/jpeg"}],"author":"dzenan.k","twitter_card":"summary_large_image","twitter_misc":{"Written by":"dzenan.k","Est. reading time":"3 minutes"},"schema":{"@context":"https:\/\/schema.org","@graph":[{"@type":"Article","@id":"https:\/\/www.uino.gov.ba\/portal\/hr\/novosti-hr\/sudjelovanje-predstavnika-uno-na-141-142-zasjedanju-vijeca-svjetske-carinske-organizacije-izbor-novog-generalnog-tajnika-sco-a-i-predsjedatelja-vijeca-sco-a\/#article","isPartOf":{"@id":"https:\/\/www.uino.gov.ba\/portal\/hr\/novosti-hr\/sudjelovanje-predstavnika-uno-na-141-142-zasjedanju-vijeca-svjetske-carinske-organizacije-izbor-novog-generalnog-tajnika-sco-a-i-predsjedatelja-vijeca-sco-a\/"},"author":{"name":"dzenan.k","@id":"https:\/\/www.uino.gov.ba\/portal\/#\/schema\/person\/7e08ae05a155bd4e8ef3f99e9e0fc985"},"headline":"Sudjelovanje predstavnika UNO na zasjedanju Vije\u0107a Svjetske carinske organizacije &#8211; Izbor novog Generalnog tajnika SCO-a i Predsjedatelja Vije\u0107a SCO-a","datePublished":"2023-07-04T06:22:03+00:00","dateModified":"2023-07-10T13:16:36+00:00","mainEntityOfPage":{"@id":"https:\/\/www.uino.gov.ba\/portal\/hr\/novosti-hr\/sudjelovanje-predstavnika-uno-na-141-142-zasjedanju-vijeca-svjetske-carinske-organizacije-izbor-novog-generalnog-tajnika-sco-a-i-predsjedatelja-vijeca-sco-a\/"},"wordCount":527,"image":{"@id":"https:\/\/www.uino.gov.ba\/portal\/hr\/novosti-hr\/sudjelovanje-predstavnika-uno-na-141-142-zasjedanju-vijeca-svjetske-carinske-organizacije-izbor-novog-generalnog-tajnika-sco-a-i-predsjedatelja-vijeca-sco-a\/#primaryimage"},"thumbnailUrl":"https:\/\/www.uino.gov.ba\/portal\/wp-content\/uploads\/4-SAOPSTENJA\/2023\/04-07-23\/04-07-23-Samit-1.jpg","articleSection":["Novosti"],"inLanguage":"en-US"},{"@type":"WebPage","@id":"https:\/\/www.uino.gov.ba\/portal\/hr\/novosti-hr\/sudjelovanje-predstavnika-uno-na-141-142-zasjedanju-vijeca-svjetske-carinske-organizacije-izbor-novog-generalnog-tajnika-sco-a-i-predsjedatelja-vijeca-sco-a\/","url":"https:\/\/www.uino.gov.ba\/portal\/hr\/novosti-hr\/sudjelovanje-predstavnika-uno-na-141-142-zasjedanju-vijeca-svjetske-carinske-organizacije-izbor-novog-generalnog-tajnika-sco-a-i-predsjedatelja-vijeca-sco-a\/","name":"Sudjelovanje predstavnika UNO na zasjedanju Vije\u0107a Svjetske carinske organizacije - Izbor novog Generalnog tajnika SCO-a i Predsjedatelja Vije\u0107a SCO-a - Uprava za indirektno \/ neizravno oporezivanje BiH","isPartOf":{"@id":"https:\/\/www.uino.gov.ba\/portal\/#website"},"primaryImageOfPage":{"@id":"https:\/\/www.uino.gov.ba\/portal\/hr\/novosti-hr\/sudjelovanje-predstavnika-uno-na-141-142-zasjedanju-vijeca-svjetske-carinske-organizacije-izbor-novog-generalnog-tajnika-sco-a-i-predsjedatelja-vijeca-sco-a\/#primaryimage"},"image":{"@id":"https:\/\/www.uino.gov.ba\/portal\/hr\/novosti-hr\/sudjelovanje-predstavnika-uno-na-141-142-zasjedanju-vijeca-svjetske-carinske-organizacije-izbor-novog-generalnog-tajnika-sco-a-i-predsjedatelja-vijeca-sco-a\/#primaryimage"},"thumbnailUrl":"https:\/\/www.uino.gov.ba\/portal\/wp-content\/uploads\/4-SAOPSTENJA\/2023\/04-07-23\/04-07-23-Samit-1.jpg","datePublished":"2023-07-04T06:22:03+00:00","dateModified":"2023-07-10T13:16:36+00:00","author":{"@id":"https:\/\/www.uino.gov.ba\/portal\/#\/schema\/person\/7e08ae05a155bd4e8ef3f99e9e0fc985"},"breadcrumb":{"@id":"https:\/\/www.uino.gov.ba\/portal\/hr\/novosti-hr\/sudjelovanje-predstavnika-uno-na-141-142-zasjedanju-vijeca-svjetske-carinske-organizacije-izbor-novog-generalnog-tajnika-sco-a-i-predsjedatelja-vijeca-sco-a\/#breadcrumb"},"inLanguage":"en-US","potentialAction":[{"@type":"ReadAction","target":["https:\/\/www.uino.gov.ba\/portal\/hr\/novosti-hr\/sudjelovanje-predstavnika-uno-na-141-142-zasjedanju-vijeca-svjetske-carinske-organizacije-izbor-novog-generalnog-tajnika-sco-a-i-predsjedatelja-vijeca-sco-a\/"]}]},{"@type":"ImageObject","inLanguage":"en-US","@id":"https:\/\/www.uino.gov.ba\/portal\/hr\/novosti-hr\/sudjelovanje-predstavnika-uno-na-141-142-zasjedanju-vijeca-svjetske-carinske-organizacije-izbor-novog-generalnog-tajnika-sco-a-i-predsjedatelja-vijeca-sco-a\/#primaryimage","url":"https:\/\/www.uino.gov.ba\/portal\/wp-content\/uploads\/4-SAOPSTENJA\/2023\/04-07-23\/04-07-23-Samit-1.jpg","contentUrl":"https:\/\/www.uino.gov.ba\/portal\/wp-content\/uploads\/4-SAOPSTENJA\/2023\/04-07-23\/04-07-23-Samit-1.jpg","width":1379,"height":919},{"@type":"BreadcrumbList","@id":"https:\/\/www.uino.gov.ba\/portal\/hr\/novosti-hr\/sudjelovanje-predstavnika-uno-na-141-142-zasjedanju-vijeca-svjetske-carinske-organizacije-izbor-novog-generalnog-tajnika-sco-a-i-predsjedatelja-vijeca-sco-a\/#breadcrumb","itemListElement":[{"@type":"ListItem","position":1,"name":"","item":"https:\/\/www.uino.gov.ba\/portal\/bs\/"},{"@type":"ListItem","position":2,"name":"Novosti","item":"https:\/\/www.uino.gov.ba\/portal\/hr\/novosti-hr\/"},{"@type":"ListItem","position":3,"name":"Sudjelovanje predstavnika UNO na zasjedanju Vije\u0107a Svjetske carinske organizacije &#8211; Izbor novog Generalnog tajnika SCO-a i Predsjedatelja Vije\u0107a SCO-a"}]},{"@type":"WebSite","@id":"https:\/\/www.uino.gov.ba\/portal\/#website","url":"https:\/\/www.uino.gov.ba\/portal\/","name":"Uprava za indirektno \/ neizravno oporezivanje BiH","description":"","potentialAction":[{"@type":"SearchAction","target":{"@type":"EntryPoint","urlTemplate":"https:\/\/www.uino.gov.ba\/portal\/?s={search_term_string}"},"query-input":{"@type":"PropertyValueSpecification","valueRequired":true,"valueName":"search_term_string"}}],"inLanguage":"en-US"},{"@type":"Person","@id":"https:\/\/www.uino.gov.ba\/portal\/#\/schema\/person\/7e08ae05a155bd4e8ef3f99e9e0fc985","name":"dzenan.k","image":{"@type":"ImageObject","inLanguage":"en-US","@id":"https:\/\/secure.gravatar.com\/avatar\/8381504bb29898236f08b86317cd3c6e6c291e88000a4a555fafa7ba6753e872?s=96&d=mm&r=g","url":"https:\/\/secure.gravatar.com\/avatar\/8381504bb29898236f08b86317cd3c6e6c291e88000a4a555fafa7ba6753e872?s=96&d=mm&r=g","contentUrl":"https:\/\/secure.gravatar.com\/avatar\/8381504bb29898236f08b86317cd3c6e6c291e88000a4a555fafa7ba6753e872?s=96&d=mm&r=g","caption":"dzenan.k"}}]}},"publishpress_future_action":{"enabled":false,"date":"2026-05-06 19:12:47","action":"change-status","newStatus":"draft","terms":[],"taxonomy":"category","extraData":[]},"publishpress_future_workflow_manual_trigger":{"enabledWorkflows":[]},"_links":{"self":[{"href":"https:\/\/www.uino.gov.ba\/portal\/wp-json\/wp\/v2\/posts\/35703","targetHints":{"allow":["GET"]}}],"collection":[{"href":"https:\/\/www.uino.gov.ba\/portal\/wp-json\/wp\/v2\/posts"}],"about":[{"href":"https:\/\/www.uino.gov.ba\/portal\/wp-json\/wp\/v2\/types\/post"}],"author":[{"embeddable":true,"href":"https:\/\/www.uino.gov.ba\/portal\/wp-json\/wp\/v2\/users\/2"}],"replies":[{"embeddable":true,"href":"https:\/\/www.uino.gov.ba\/portal\/wp-json\/wp\/v2\/comments?post=35703"}],"version-history":[{"count":2,"href":"https:\/\/www.uino.gov.ba\/portal\/wp-json\/wp\/v2\/posts\/35703\/revisions"}],"predecessor-version":[{"id":36458,"href":"https:\/\/www.uino.gov.ba\/portal\/wp-json\/wp\/v2\/posts\/35703\/revisions\/36458"}],"wp:featuredmedia":[{"embeddable":true,"href":"https:\/\/www.uino.gov.ba\/portal\/wp-json\/wp\/v2\/media\/35697"}],"wp:attachment":[{"href":"https:\/\/www.uino.gov.ba\/portal\/wp-json\/wp\/v2\/media?parent=35703"}],"wp:term":[{"taxonomy":"category","embeddable":true,"href":"https:\/\/www.uino.gov.ba\/portal\/wp-json\/wp\/v2\/categories?post=35703"},{"taxonomy":"post_tag","embeddable":true,"href":"https:\/\/www.uino.gov.ba\/portal\/wp-json\/wp\/v2\/tags?post=35703"}],"curies":[{"name":"wp","href":"https:\/\/api.w.org\/{rel}","templated":true}]}}