{"id":35360,"date":"2023-06-15T10:02:39","date_gmt":"2023-06-15T08:02:39","guid":{"rendered":"https:\/\/www.uino.gov.ba\/portal\/?p=35360"},"modified":"2023-06-16T14:19:59","modified_gmt":"2023-06-16T12:19:59","slug":"dr-zoran-tegeltija-preuzeo-duznost-ravnatelja-uno","status":"publish","type":"post","link":"https:\/\/www.uino.gov.ba\/portal\/hr\/novosti-hr\/dr-zoran-tegeltija-preuzeo-duznost-ravnatelja-uno\/","title":{"rendered":"Dr. Zoran Tegeltija preuzeo du\u017enost ravnatelja UNO"},"content":{"rendered":"<p style=\"text-align: justify;\">U Upravi za neizravno oporezivanje obavljena je slu\u017ebena primopredaja du\u017enosti izme\u0111u dosada\u0161njeg ravnatelja dr. Mire D\u017eakule i novoizabranog ravnatelja dr. Zorana Tegeltije.<\/p>\n<p style=\"text-align: justify;\">Nakon toga odr\u017eana je press konferencija na kojoj je ravnatelja UNO dr. Zoran Tegeltija izjavio da je njegov cilj prije svega pove\u0107anje ukupnog iznosa napla\u0107enih prihoda kroz rad Uprave, te bolji odnos sa gra\u0111anima i poslovnom zajednicom, kao i br\u017ei protok ljudi i roba na carinskim ispostavama i grani\u010dnim prelazima BiH.<\/p>\n<p style=\"text-align: justify;\">Naglasio je kako Uprava mora biti otvorena za mlade i stru\u010dne ljude koji \u0107e doprinijeti profesionalnom i kvalitetnom podizanju nivoa usluga koje Uprava pru\u017ea, \u0161to \u0107e utjecati i na ja\u010danje ugleda institucije.<\/p>\n<p style=\"text-align: justify;\">Dr. Miro D\u017eakula, po\u017eelio je uspjeh u budu\u0107em radu novoizabranom ravnatelju Uprave za neizravno oporezivanje.<\/p>\n","protected":false},"excerpt":{"rendered":"<p>U Upravi za neizravno oporezivanje obavljena je slu\u017ebena primopredaja du\u017enosti izme\u0111u dosada\u0161njeg ravnatelja dr. Mire D\u017eakule i novoizabranog ravnatelja dr. Zorana Tegeltije. Nakon toga odr\u017eana je press konferencija na kojoj je ravnatelja UNO dr. Zoran Tegeltija izjavio da je njegov cilj prije svega pove\u0107anje ukupnog iznosa napla\u0107enih prihoda kroz rad Uprave, te bolji odnos sa [&hellip;]<\/p>\n","protected":false},"author":1,"featured_media":35355,"comment_status":"closed","ping_status":"closed","sticky":false,"template":"","format":"standard","meta":{"_acf_changed":false,"_et_pb_use_builder":"","_et_pb_old_content":"","_et_gb_content_width":"","footnotes":""},"categories":[118],"tags":[],"class_list":["post-35360","post","type-post","status-publish","format-standard","has-post-thumbnail","hentry","category-novosti-hr"],"acf":[],"yoast_head":"<!-- This site is optimized with the Yoast SEO plugin v27.5 - https:\/\/yoast.com\/product\/yoast-seo-wordpress\/ -->\n<title>Dr. Zoran Tegeltija preuzeo du\u017enost ravnatelja UNO - Uprava za indirektno \/ neizravno oporezivanje BiH<\/title>\n<meta name=\"robots\" content=\"index, follow, max-snippet:-1, max-image-preview:large, max-video-preview:-1\" \/>\n<link rel=\"canonical\" href=\"https:\/\/www.uino.gov.ba\/portal\/hr\/novosti-hr\/dr-zoran-tegeltija-preuzeo-duznost-ravnatelja-uno\/\" \/>\n<meta property=\"og:locale\" content=\"en_US\" \/>\n<meta property=\"og:type\" content=\"article\" \/>\n<meta property=\"og:title\" content=\"Dr. Zoran Tegeltija preuzeo du\u017enost ravnatelja UNO - Uprava za indirektno \/ neizravno oporezivanje BiH\" \/>\n<meta property=\"og:description\" content=\"U Upravi za neizravno oporezivanje obavljena je slu\u017ebena primopredaja du\u017enosti izme\u0111u dosada\u0161njeg ravnatelja dr. Mire D\u017eakule i novoizabranog ravnatelja dr. Zorana Tegeltije. Nakon toga odr\u017eana je press konferencija na kojoj je ravnatelja UNO dr. Zoran Tegeltija izjavio da je njegov cilj prije svega pove\u0107anje ukupnog iznosa napla\u0107enih prihoda kroz rad Uprave, te bolji odnos sa [&hellip;]\" \/>\n<meta property=\"og:url\" content=\"https:\/\/www.uino.gov.ba\/portal\/hr\/novosti-hr\/dr-zoran-tegeltija-preuzeo-duznost-ravnatelja-uno\/\" \/>\n<meta property=\"og:site_name\" content=\"Uprava za indirektno \/ neizravno oporezivanje BiH\" \/>\n<meta property=\"article:published_time\" content=\"2023-06-15T08:02:39+00:00\" \/>\n<meta property=\"article:modified_time\" content=\"2023-06-16T12:19:59+00:00\" \/>\n<meta property=\"og:image\" content=\"https:\/\/www.uino.gov.ba\/portal\/wp-content\/uploads\/4-SAOPSTENJA\/2023\/15-06-23\/Zoran-Tegeltija-direktor-15-06-23.jpg\" \/>\n\t<meta property=\"og:image:width\" content=\"1200\" \/>\n\t<meta property=\"og:image:height\" content=\"800\" \/>\n\t<meta property=\"og:image:type\" content=\"image\/jpeg\" \/>\n<meta name=\"author\" content=\"lanacoadmin\" \/>\n<meta name=\"twitter:card\" content=\"summary_large_image\" \/>\n<meta name=\"twitter:label1\" content=\"Written by\" \/>\n\t<meta name=\"twitter:data1\" content=\"lanacoadmin\" \/>\n\t<meta name=\"twitter:label2\" content=\"Est. reading time\" \/>\n\t<meta name=\"twitter:data2\" content=\"1 minute\" \/>\n<script type=\"application\/ld+json\" class=\"yoast-schema-graph\">{\"@context\":\"https:\\\/\\\/schema.org\",\"@graph\":[{\"@type\":\"Article\",\"@id\":\"https:\\\/\\\/www.uino.gov.ba\\\/portal\\\/hr\\\/novosti-hr\\\/dr-zoran-tegeltija-preuzeo-duznost-ravnatelja-uno\\\/#article\",\"isPartOf\":{\"@id\":\"https:\\\/\\\/www.uino.gov.ba\\\/portal\\\/hr\\\/novosti-hr\\\/dr-zoran-tegeltija-preuzeo-duznost-ravnatelja-uno\\\/\"},\"author\":{\"name\":\"lanacoadmin\",\"@id\":\"https:\\\/\\\/www.uino.gov.ba\\\/portal\\\/#\\\/schema\\\/person\\\/e993a882f22e941420ba0ebee028358d\"},\"headline\":\"Dr. Zoran Tegeltija preuzeo du\u017enost ravnatelja UNO\",\"datePublished\":\"2023-06-15T08:02:39+00:00\",\"dateModified\":\"2023-06-16T12:19:59+00:00\",\"mainEntityOfPage\":{\"@id\":\"https:\\\/\\\/www.uino.gov.ba\\\/portal\\\/hr\\\/novosti-hr\\\/dr-zoran-tegeltija-preuzeo-duznost-ravnatelja-uno\\\/\"},\"wordCount\":145,\"image\":{\"@id\":\"https:\\\/\\\/www.uino.gov.ba\\\/portal\\\/hr\\\/novosti-hr\\\/dr-zoran-tegeltija-preuzeo-duznost-ravnatelja-uno\\\/#primaryimage\"},\"thumbnailUrl\":\"https:\\\/\\\/www.uino.gov.ba\\\/portal\\\/wp-content\\\/uploads\\\/4-SAOPSTENJA\\\/2023\\\/15-06-23\\\/Zoran-Tegeltija-direktor-15-06-23.jpg\",\"articleSection\":[\"Novosti\"],\"inLanguage\":\"en-US\"},{\"@type\":\"WebPage\",\"@id\":\"https:\\\/\\\/www.uino.gov.ba\\\/portal\\\/hr\\\/novosti-hr\\\/dr-zoran-tegeltija-preuzeo-duznost-ravnatelja-uno\\\/\",\"url\":\"https:\\\/\\\/www.uino.gov.ba\\\/portal\\\/hr\\\/novosti-hr\\\/dr-zoran-tegeltija-preuzeo-duznost-ravnatelja-uno\\\/\",\"name\":\"Dr. Zoran Tegeltija preuzeo du\u017enost ravnatelja UNO - Uprava za indirektno \\\/ neizravno oporezivanje BiH\",\"isPartOf\":{\"@id\":\"https:\\\/\\\/www.uino.gov.ba\\\/portal\\\/#website\"},\"primaryImageOfPage\":{\"@id\":\"https:\\\/\\\/www.uino.gov.ba\\\/portal\\\/hr\\\/novosti-hr\\\/dr-zoran-tegeltija-preuzeo-duznost-ravnatelja-uno\\\/#primaryimage\"},\"image\":{\"@id\":\"https:\\\/\\\/www.uino.gov.ba\\\/portal\\\/hr\\\/novosti-hr\\\/dr-zoran-tegeltija-preuzeo-duznost-ravnatelja-uno\\\/#primaryimage\"},\"thumbnailUrl\":\"https:\\\/\\\/www.uino.gov.ba\\\/portal\\\/wp-content\\\/uploads\\\/4-SAOPSTENJA\\\/2023\\\/15-06-23\\\/Zoran-Tegeltija-direktor-15-06-23.jpg\",\"datePublished\":\"2023-06-15T08:02:39+00:00\",\"dateModified\":\"2023-06-16T12:19:59+00:00\",\"author\":{\"@id\":\"https:\\\/\\\/www.uino.gov.ba\\\/portal\\\/#\\\/schema\\\/person\\\/e993a882f22e941420ba0ebee028358d\"},\"breadcrumb\":{\"@id\":\"https:\\\/\\\/www.uino.gov.ba\\\/portal\\\/hr\\\/novosti-hr\\\/dr-zoran-tegeltija-preuzeo-duznost-ravnatelja-uno\\\/#breadcrumb\"},\"inLanguage\":\"en-US\",\"potentialAction\":[{\"@type\":\"ReadAction\",\"target\":[\"https:\\\/\\\/www.uino.gov.ba\\\/portal\\\/hr\\\/novosti-hr\\\/dr-zoran-tegeltija-preuzeo-duznost-ravnatelja-uno\\\/\"]}]},{\"@type\":\"ImageObject\",\"inLanguage\":\"en-US\",\"@id\":\"https:\\\/\\\/www.uino.gov.ba\\\/portal\\\/hr\\\/novosti-hr\\\/dr-zoran-tegeltija-preuzeo-duznost-ravnatelja-uno\\\/#primaryimage\",\"url\":\"https:\\\/\\\/www.uino.gov.ba\\\/portal\\\/wp-content\\\/uploads\\\/4-SAOPSTENJA\\\/2023\\\/15-06-23\\\/Zoran-Tegeltija-direktor-15-06-23.jpg\",\"contentUrl\":\"https:\\\/\\\/www.uino.gov.ba\\\/portal\\\/wp-content\\\/uploads\\\/4-SAOPSTENJA\\\/2023\\\/15-06-23\\\/Zoran-Tegeltija-direktor-15-06-23.jpg\",\"width\":1200,\"height\":800},{\"@type\":\"BreadcrumbList\",\"@id\":\"https:\\\/\\\/www.uino.gov.ba\\\/portal\\\/hr\\\/novosti-hr\\\/dr-zoran-tegeltija-preuzeo-duznost-ravnatelja-uno\\\/#breadcrumb\",\"itemListElement\":[{\"@type\":\"ListItem\",\"position\":1,\"name\":\"\",\"item\":\"https:\\\/\\\/www.uino.gov.ba\\\/portal\\\/bs\\\/\"},{\"@type\":\"ListItem\",\"position\":2,\"name\":\"Novosti\",\"item\":\"https:\\\/\\\/www.uino.gov.ba\\\/portal\\\/hr\\\/novosti-hr\\\/\"},{\"@type\":\"ListItem\",\"position\":3,\"name\":\"Dr. Zoran Tegeltija preuzeo du\u017enost ravnatelja UNO\"}]},{\"@type\":\"WebSite\",\"@id\":\"https:\\\/\\\/www.uino.gov.ba\\\/portal\\\/#website\",\"url\":\"https:\\\/\\\/www.uino.gov.ba\\\/portal\\\/\",\"name\":\"Uprava za indirektno \\\/ neizravno oporezivanje BiH\",\"description\":\"\",\"potentialAction\":[{\"@type\":\"SearchAction\",\"target\":{\"@type\":\"EntryPoint\",\"urlTemplate\":\"https:\\\/\\\/www.uino.gov.ba\\\/portal\\\/?s={search_term_string}\"},\"query-input\":{\"@type\":\"PropertyValueSpecification\",\"valueRequired\":true,\"valueName\":\"search_term_string\"}}],\"inLanguage\":\"en-US\"},{\"@type\":\"Person\",\"@id\":\"https:\\\/\\\/www.uino.gov.ba\\\/portal\\\/#\\\/schema\\\/person\\\/e993a882f22e941420ba0ebee028358d\",\"name\":\"lanacoadmin\",\"image\":{\"@type\":\"ImageObject\",\"inLanguage\":\"en-US\",\"@id\":\"https:\\\/\\\/secure.gravatar.com\\\/avatar\\\/17f6be62c94cd726798a304f03a96ed3509a19dc8445378e803580e33b895d22?s=96&d=mm&r=g\",\"url\":\"https:\\\/\\\/secure.gravatar.com\\\/avatar\\\/17f6be62c94cd726798a304f03a96ed3509a19dc8445378e803580e33b895d22?s=96&d=mm&r=g\",\"contentUrl\":\"https:\\\/\\\/secure.gravatar.com\\\/avatar\\\/17f6be62c94cd726798a304f03a96ed3509a19dc8445378e803580e33b895d22?s=96&d=mm&r=g\",\"caption\":\"lanacoadmin\"},\"sameAs\":[\"https:\\\/\\\/uino.gov.ba\"]}]}<\/script>\n<!-- \/ Yoast SEO plugin. -->","yoast_head_json":{"title":"Dr. Zoran Tegeltija preuzeo du\u017enost ravnatelja UNO - Uprava za indirektno \/ neizravno oporezivanje BiH","robots":{"index":"index","follow":"follow","max-snippet":"max-snippet:-1","max-image-preview":"max-image-preview:large","max-video-preview":"max-video-preview:-1"},"canonical":"https:\/\/www.uino.gov.ba\/portal\/hr\/novosti-hr\/dr-zoran-tegeltija-preuzeo-duznost-ravnatelja-uno\/","og_locale":"en_US","og_type":"article","og_title":"Dr. Zoran Tegeltija preuzeo du\u017enost ravnatelja UNO - Uprava za indirektno \/ neizravno oporezivanje BiH","og_description":"U Upravi za neizravno oporezivanje obavljena je slu\u017ebena primopredaja du\u017enosti izme\u0111u dosada\u0161njeg ravnatelja dr. Mire D\u017eakule i novoizabranog ravnatelja dr. Zorana Tegeltije. Nakon toga odr\u017eana je press konferencija na kojoj je ravnatelja UNO dr. Zoran Tegeltija izjavio da je njegov cilj prije svega pove\u0107anje ukupnog iznosa napla\u0107enih prihoda kroz rad Uprave, te bolji odnos sa [&hellip;]","og_url":"https:\/\/www.uino.gov.ba\/portal\/hr\/novosti-hr\/dr-zoran-tegeltija-preuzeo-duznost-ravnatelja-uno\/","og_site_name":"Uprava za indirektno \/ neizravno oporezivanje BiH","article_published_time":"2023-06-15T08:02:39+00:00","article_modified_time":"2023-06-16T12:19:59+00:00","og_image":[{"width":1200,"height":800,"url":"https:\/\/www.uino.gov.ba\/portal\/wp-content\/uploads\/4-SAOPSTENJA\/2023\/15-06-23\/Zoran-Tegeltija-direktor-15-06-23.jpg","type":"image\/jpeg"}],"author":"lanacoadmin","twitter_card":"summary_large_image","twitter_misc":{"Written by":"lanacoadmin","Est. reading time":"1 minute"},"schema":{"@context":"https:\/\/schema.org","@graph":[{"@type":"Article","@id":"https:\/\/www.uino.gov.ba\/portal\/hr\/novosti-hr\/dr-zoran-tegeltija-preuzeo-duznost-ravnatelja-uno\/#article","isPartOf":{"@id":"https:\/\/www.uino.gov.ba\/portal\/hr\/novosti-hr\/dr-zoran-tegeltija-preuzeo-duznost-ravnatelja-uno\/"},"author":{"name":"lanacoadmin","@id":"https:\/\/www.uino.gov.ba\/portal\/#\/schema\/person\/e993a882f22e941420ba0ebee028358d"},"headline":"Dr. Zoran Tegeltija preuzeo du\u017enost ravnatelja UNO","datePublished":"2023-06-15T08:02:39+00:00","dateModified":"2023-06-16T12:19:59+00:00","mainEntityOfPage":{"@id":"https:\/\/www.uino.gov.ba\/portal\/hr\/novosti-hr\/dr-zoran-tegeltija-preuzeo-duznost-ravnatelja-uno\/"},"wordCount":145,"image":{"@id":"https:\/\/www.uino.gov.ba\/portal\/hr\/novosti-hr\/dr-zoran-tegeltija-preuzeo-duznost-ravnatelja-uno\/#primaryimage"},"thumbnailUrl":"https:\/\/www.uino.gov.ba\/portal\/wp-content\/uploads\/4-SAOPSTENJA\/2023\/15-06-23\/Zoran-Tegeltija-direktor-15-06-23.jpg","articleSection":["Novosti"],"inLanguage":"en-US"},{"@type":"WebPage","@id":"https:\/\/www.uino.gov.ba\/portal\/hr\/novosti-hr\/dr-zoran-tegeltija-preuzeo-duznost-ravnatelja-uno\/","url":"https:\/\/www.uino.gov.ba\/portal\/hr\/novosti-hr\/dr-zoran-tegeltija-preuzeo-duznost-ravnatelja-uno\/","name":"Dr. Zoran Tegeltija preuzeo du\u017enost ravnatelja UNO - Uprava za indirektno \/ neizravno oporezivanje BiH","isPartOf":{"@id":"https:\/\/www.uino.gov.ba\/portal\/#website"},"primaryImageOfPage":{"@id":"https:\/\/www.uino.gov.ba\/portal\/hr\/novosti-hr\/dr-zoran-tegeltija-preuzeo-duznost-ravnatelja-uno\/#primaryimage"},"image":{"@id":"https:\/\/www.uino.gov.ba\/portal\/hr\/novosti-hr\/dr-zoran-tegeltija-preuzeo-duznost-ravnatelja-uno\/#primaryimage"},"thumbnailUrl":"https:\/\/www.uino.gov.ba\/portal\/wp-content\/uploads\/4-SAOPSTENJA\/2023\/15-06-23\/Zoran-Tegeltija-direktor-15-06-23.jpg","datePublished":"2023-06-15T08:02:39+00:00","dateModified":"2023-06-16T12:19:59+00:00","author":{"@id":"https:\/\/www.uino.gov.ba\/portal\/#\/schema\/person\/e993a882f22e941420ba0ebee028358d"},"breadcrumb":{"@id":"https:\/\/www.uino.gov.ba\/portal\/hr\/novosti-hr\/dr-zoran-tegeltija-preuzeo-duznost-ravnatelja-uno\/#breadcrumb"},"inLanguage":"en-US","potentialAction":[{"@type":"ReadAction","target":["https:\/\/www.uino.gov.ba\/portal\/hr\/novosti-hr\/dr-zoran-tegeltija-preuzeo-duznost-ravnatelja-uno\/"]}]},{"@type":"ImageObject","inLanguage":"en-US","@id":"https:\/\/www.uino.gov.ba\/portal\/hr\/novosti-hr\/dr-zoran-tegeltija-preuzeo-duznost-ravnatelja-uno\/#primaryimage","url":"https:\/\/www.uino.gov.ba\/portal\/wp-content\/uploads\/4-SAOPSTENJA\/2023\/15-06-23\/Zoran-Tegeltija-direktor-15-06-23.jpg","contentUrl":"https:\/\/www.uino.gov.ba\/portal\/wp-content\/uploads\/4-SAOPSTENJA\/2023\/15-06-23\/Zoran-Tegeltija-direktor-15-06-23.jpg","width":1200,"height":800},{"@type":"BreadcrumbList","@id":"https:\/\/www.uino.gov.ba\/portal\/hr\/novosti-hr\/dr-zoran-tegeltija-preuzeo-duznost-ravnatelja-uno\/#breadcrumb","itemListElement":[{"@type":"ListItem","position":1,"name":"","item":"https:\/\/www.uino.gov.ba\/portal\/bs\/"},{"@type":"ListItem","position":2,"name":"Novosti","item":"https:\/\/www.uino.gov.ba\/portal\/hr\/novosti-hr\/"},{"@type":"ListItem","position":3,"name":"Dr. Zoran Tegeltija preuzeo du\u017enost ravnatelja UNO"}]},{"@type":"WebSite","@id":"https:\/\/www.uino.gov.ba\/portal\/#website","url":"https:\/\/www.uino.gov.ba\/portal\/","name":"Uprava za indirektno \/ neizravno oporezivanje BiH","description":"","potentialAction":[{"@type":"SearchAction","target":{"@type":"EntryPoint","urlTemplate":"https:\/\/www.uino.gov.ba\/portal\/?s={search_term_string}"},"query-input":{"@type":"PropertyValueSpecification","valueRequired":true,"valueName":"search_term_string"}}],"inLanguage":"en-US"},{"@type":"Person","@id":"https:\/\/www.uino.gov.ba\/portal\/#\/schema\/person\/e993a882f22e941420ba0ebee028358d","name":"lanacoadmin","image":{"@type":"ImageObject","inLanguage":"en-US","@id":"https:\/\/secure.gravatar.com\/avatar\/17f6be62c94cd726798a304f03a96ed3509a19dc8445378e803580e33b895d22?s=96&d=mm&r=g","url":"https:\/\/secure.gravatar.com\/avatar\/17f6be62c94cd726798a304f03a96ed3509a19dc8445378e803580e33b895d22?s=96&d=mm&r=g","contentUrl":"https:\/\/secure.gravatar.com\/avatar\/17f6be62c94cd726798a304f03a96ed3509a19dc8445378e803580e33b895d22?s=96&d=mm&r=g","caption":"lanacoadmin"},"sameAs":["https:\/\/uino.gov.ba"]}]}},"publishpress_future_action":{"enabled":false,"date":"2026-05-08 09:06:19","action":"change-status","newStatus":"draft","terms":[],"taxonomy":"category","extraData":[]},"publishpress_future_workflow_manual_trigger":{"enabledWorkflows":[]},"_links":{"self":[{"href":"https:\/\/www.uino.gov.ba\/portal\/wp-json\/wp\/v2\/posts\/35360","targetHints":{"allow":["GET"]}}],"collection":[{"href":"https:\/\/www.uino.gov.ba\/portal\/wp-json\/wp\/v2\/posts"}],"about":[{"href":"https:\/\/www.uino.gov.ba\/portal\/wp-json\/wp\/v2\/types\/post"}],"author":[{"embeddable":true,"href":"https:\/\/www.uino.gov.ba\/portal\/wp-json\/wp\/v2\/users\/1"}],"replies":[{"embeddable":true,"href":"https:\/\/www.uino.gov.ba\/portal\/wp-json\/wp\/v2\/comments?post=35360"}],"version-history":[{"count":4,"href":"https:\/\/www.uino.gov.ba\/portal\/wp-json\/wp\/v2\/posts\/35360\/revisions"}],"predecessor-version":[{"id":35373,"href":"https:\/\/www.uino.gov.ba\/portal\/wp-json\/wp\/v2\/posts\/35360\/revisions\/35373"}],"wp:featuredmedia":[{"embeddable":true,"href":"https:\/\/www.uino.gov.ba\/portal\/wp-json\/wp\/v2\/media\/35355"}],"wp:attachment":[{"href":"https:\/\/www.uino.gov.ba\/portal\/wp-json\/wp\/v2\/media?parent=35360"}],"wp:term":[{"taxonomy":"category","embeddable":true,"href":"https:\/\/www.uino.gov.ba\/portal\/wp-json\/wp\/v2\/categories?post=35360"},{"taxonomy":"post_tag","embeddable":true,"href":"https:\/\/www.uino.gov.ba\/portal\/wp-json\/wp\/v2\/tags?post=35360"}],"curies":[{"name":"wp","href":"https:\/\/api.w.org\/{rel}","templated":true}]}}